{"id":15581,"date":"2022-04-16T16:00:12","date_gmt":"2022-04-16T16:00:12","guid":{"rendered":"https:\/\/www.arquidiocesismty.org\/arquimty\/?p=15581"},"modified":"2022-04-17T11:25:37","modified_gmt":"2022-04-17T16:25:37","slug":"el-senor-ha-resucitado-levantemos-la-mirada","status":"publish","type":"post","link":"https:\/\/www.arquidiocesismty.org\/arquimty\/el-senor-ha-resucitado-levantemos-la-mirada\/","title":{"rendered":"\u00a1EL SE\u00d1OR HA RESUCITADO! LEVANTEMOS LA MIRADA"},"content":{"rendered":"<p><em>Por: Juan Pablo V\u00e1zquez Rodr\u00edguez<\/em><br \/>\n<em>Monterrey, N.L. (www.pastoralsiglo21.org).- 16 de abril del 2022<\/em><\/p>\n<p><strong>La Noche Santa de este s\u00e1bado, 16 de abril, el Santo Padre no presidi\u00f3 la Vigilia Pascual 2022, sino que lo hizo en su lugar el Cardenal Giovanni Battista Re, decano del Colegio Cardenalicio.<\/strong><\/p>\n<p>Sin embargo, el Santo Padre acompa\u00f1\u00f3 la celebraci\u00f3n, y encabez\u00f3 diversos momentos entre ellos la homil\u00eda, en la cual anim\u00f3 a tener esperanza y levantar los ojos del suelo.<\/p>\n<p>\u201cCon mucha frecuencia, miramos la vida y la realidad sin levantar los ojos del suelo\u201d, subray\u00f3 el Papa Francisco; \u201cs\u00f3lo enfocamos el hoy que pasa, sentimos desilusi\u00f3n por el futuro y nos encerramos en nuestras necesidades, nos acomodamos en la c\u00e1rcel de la apat\u00eda, mientras seguimos lament\u00e1ndonos y pensando que las cosas no cambiar\u00e1n nunca. Y as\u00ed permanecemos inm\u00f3viles ante la tumba de la resignaci\u00f3n y del fatalismo, y sepultamos la alegr\u00eda de vivir. Pero, sin embargo, esta noche el Se\u00f1or quiere darnos unos ojos diferentes, encendidos por la esperanza de saber que el miedo, el dolor y la muerte no tendr\u00e1n la \u00faltima palabra sobre nosotros\u201d.<\/p>\n<p><strong>\u201cGracias a la Pascua de Jes\u00fas podemos dar el salto de la nada a la vida, \u00aby la muerte ya no podr\u00e1 defraudarnos m\u00e1s de nuestra existencia\u00bb, que ha sido abrazada totalmente y para siempre por el amor infinito de Dios. Es verdad que puede atemorizarnos y paralizarnos, \u00a1pero el Se\u00f1or ha resucitado! Levantemos la mirada, quitemos de nuestros ojos el velo de la amargura y la tristeza, y abr\u00e1monos a la esperanza de Dios\u201d.<\/strong><\/p>\n<p>El Papa Francisco invit\u00f3 a todos a escuchar la pregunta dirigida a las mujeres: \u201c\u00bfPor qu\u00e9 buscan entre los muertos al que est\u00e1 vivo?\u201d. \u201cNo podemos celebrar la Pascua si seguimos qued\u00e1ndonos en la muerte \u2013 afirm\u00f3 el Papa \u2013 si permanecemos prisioneros del pasado; si en la vida no tenemos la valent\u00eda de dejarnos perdonar por Dios, de cambiar, de terminar con las obras del mal, de decidirnos por Jes\u00fas y por su amor; si reducimos la fe a un amuleto, haciendo de Dios un hermoso recuerdo de tiempos pasados, en lugar de descubrirlo como el Dios vivo que hoy quiere transformarnos a nosotros y al mundo\u201d.<\/p>\n<p>#PapaFrancisco<br \/>\n#VigiliaPascual<\/p>\n","protected":false},"excerpt":{"rendered":"<p>Por: Juan Pablo V\u00e1zquez Rodr\u00edguez Monterrey, N.L. (www.pastoralsiglo21.org).- 16 de abril del 2022 La Noche Santa de este s\u00e1bado, 16 de abril, el Santo Padre no<span class=\"excerpt-hellip\"> [\u2026]<\/span><\/p>\n","protected":false},"author":1,"featured_media":15583,"comment_status":"closed","ping_status":"closed","sticky":false,"template":"","format":"standard","meta":[],"categories":[7,14],"tags":[],"_links":{"self":[{"href":"https:\/\/www.arquidiocesismty.org\/arquimty\/wp-json\/wp\/v2\/posts\/15581"}],"collection":[{"href":"https:\/\/www.arquidiocesismty.org\/arquimty\/wp-json\/wp\/v2\/posts"}],"about":[{"href":"https:\/\/www.arquidiocesismty.org\/arquimty\/wp-json\/wp\/v2\/types\/post"}],"author":[{"embeddable":true,"href":"https:\/\/www.arquidiocesismty.org\/arquimty\/wp-json\/wp\/v2\/users\/1"}],"replies":[{"embeddable":true,"href":"https:\/\/www.arquidiocesismty.org\/arquimty\/wp-json\/wp\/v2\/comments?post=15581"}],"version-history":[{"count":1,"href":"https:\/\/www.arquidiocesismty.org\/arquimty\/wp-json\/wp\/v2\/posts\/15581\/revisions"}],"predecessor-version":[{"id":15582,"href":"https:\/\/www.arquidiocesismty.org\/arquimty\/wp-json\/wp\/v2\/posts\/15581\/revisions\/15582"}],"wp:featuredmedia":[{"embeddable":true,"href":"https:\/\/www.arquidiocesismty.org\/arquimty\/wp-json\/wp\/v2\/media\/15583"}],"wp:attachment":[{"href":"https:\/\/www.arquidiocesismty.org\/arquimty\/wp-json\/wp\/v2\/media?parent=15581"}],"wp:term":[{"taxonomy":"category","embeddable":true,"href":"https:\/\/www.arquidiocesismty.org\/arquimty\/wp-json\/wp\/v2\/categories?post=15581"},{"taxonomy":"post_tag","embeddable":true,"href":"https:\/\/www.arquidiocesismty.org\/arquimty\/wp-json\/wp\/v2\/tags?post=15581"}],"curies":[{"name":"wp","href":"https:\/\/api.w.org\/{rel}","templated":true}]}}