{"id":15576,"date":"2022-04-15T21:05:36","date_gmt":"2022-04-15T21:05:36","guid":{"rendered":"https:\/\/www.arquidiocesismty.org\/arquimty\/?p=15576"},"modified":"2022-04-16T01:12:34","modified_gmt":"2022-04-16T06:12:34","slug":"la-traicion-la-violencia-y-la-soledad-los-sufrimientos-de-jesus-y-de-la-humanidad","status":"publish","type":"post","link":"https:\/\/www.arquidiocesismty.org\/arquimty\/la-traicion-la-violencia-y-la-soledad-los-sufrimientos-de-jesus-y-de-la-humanidad\/","title":{"rendered":"LA TRAICI\u00d3N, LA VIOLENCIA Y LA SOLEDAD LOS SUFRIMIENTOS DE JES\u00daS Y DE LA HUMANIDAD"},"content":{"rendered":"<p><em>Por: Juan Pablo V\u00e1zquez Rodr\u00edguez<\/em><br \/>\n<em>Monterrey, N.L. (www.pastoralsiglo21.org).- 15 de abril del 2022<\/em><\/p>\n<p>Durante la celebraci\u00f3n de este Viernes Santo, de la Pasi\u00f3n del Se\u00f1or, el Arzobispo de Monterrey comparti\u00f3 los tres padecimientos de Cristo, los cual los siguen sufriendo muchas personas en la actualidad.<\/p>\n<p>\u201cLo primero la traici\u00f3n, los amigos que te dan la espalda, el amigo que se vende por inter\u00e9s, el amigo que niega conocerte, que tiene miedo de decir a los dem\u00e1s que es tu amigo, esto sucedi\u00f3 a Jes\u00fas y sigue sucediendo, cu\u00e1nta traici\u00f3n a la amistad, cu\u00e1ntas soledad en las dificultades\u201d.<\/p>\n<p>\u201cLo segundo la violencia, la violencia verbal, la burla algo que a todos nos duele, hoy le dicen bullying, pero lo que le pas\u00f3 a Jes\u00fas fue m\u00e1s all\u00e1 del bullying, es la burla total, humillarte, decirte que no vales nada, que eres insignificante, que no cuentas, la violencia verbal. Pero tambi\u00e9n la violencia f\u00edsica, las autoridades que creyendo que tienen poder golpean a las personas y eso no ha acabado, ese es parte de la historia de tantos hombres y mujeres en nuestros d\u00edas, el abuso del poder\u201d.<\/p>\n<p>\u201cLa tercera situaci\u00f3n dolorosa qu\u00e9 es la soledad, sentirte solo, estar solo, cuando las personas nos cuentan su vida casi todos nos dicen me siento solo, se dice que la soledad es la pandemia de nuestros tiempos, cada quien en lo suyo, se quedan solos los enfermos los ni\u00f1os, los j\u00f3venes, los hermanos mayores, un gran sentimiento de soledad, todo eso qued\u00f3 dibujado en el relato de la Pasi\u00f3n y en la vida de Cristo\u201d.<\/p>\n<p>Finalmente, Mons. Rogelio se\u00f1al\u00f3 que ante estos sufrimientos siempre hay una luz de esperanza:<\/p>\n<p>\u201cSiempre hay algo que genera esperanza, entre todos est\u00e1 la mam\u00e1, la Virgen Mar\u00eda, el disc\u00edpulo amado, otras 2 mujeres, una minor\u00eda, pero tambi\u00e9n una mayor\u00eda, la mayor\u00eda la hace la mujer, la mayor\u00eda la hace la mam\u00e1, puede faltar cualquier persona, se puede soportar cualquier realidad, lo que no puede faltar es el apoyo de la mam\u00e1\u201d.<\/p>\n<p>\u201cSiempre con la esperanza de la Resurrecci\u00f3n, tengamos presente en esta celebraci\u00f3n todos los dolores de la gente, de los que son traicionados, de los que son despreciados, de los que son insultados, de los que son golpeados, de los que son abandonados en soledad, pero tambi\u00e9n una palabra de esperanza gracias a Dios tenemos siempre una mam\u00e1\u201d.<br \/>\n#ViernesSanto<br \/>\n#IglesiaDeMonterrey<\/p>\n","protected":false},"excerpt":{"rendered":"<p>Por: Juan Pablo V\u00e1zquez Rodr\u00edguez Monterrey, N.L. (www.pastoralsiglo21.org).- 15 de abril del 2022 Durante la celebraci\u00f3n de este Viernes Santo, de la Pasi\u00f3n del Se\u00f1or, el<span class=\"excerpt-hellip\"> [\u2026]<\/span><\/p>\n","protected":false},"author":1,"featured_media":15578,"comment_status":"closed","ping_status":"closed","sticky":false,"template":"","format":"standard","meta":[],"categories":[7,14],"tags":[],"_links":{"self":[{"href":"https:\/\/www.arquidiocesismty.org\/arquimty\/wp-json\/wp\/v2\/posts\/15576"}],"collection":[{"href":"https:\/\/www.arquidiocesismty.org\/arquimty\/wp-json\/wp\/v2\/posts"}],"about":[{"href":"https:\/\/www.arquidiocesismty.org\/arquimty\/wp-json\/wp\/v2\/types\/post"}],"author":[{"embeddable":true,"href":"https:\/\/www.arquidiocesismty.org\/arquimty\/wp-json\/wp\/v2\/users\/1"}],"replies":[{"embeddable":true,"href":"https:\/\/www.arquidiocesismty.org\/arquimty\/wp-json\/wp\/v2\/comments?post=15576"}],"version-history":[{"count":1,"href":"https:\/\/www.arquidiocesismty.org\/arquimty\/wp-json\/wp\/v2\/posts\/15576\/revisions"}],"predecessor-version":[{"id":15577,"href":"https:\/\/www.arquidiocesismty.org\/arquimty\/wp-json\/wp\/v2\/posts\/15576\/revisions\/15577"}],"wp:featuredmedia":[{"embeddable":true,"href":"https:\/\/www.arquidiocesismty.org\/arquimty\/wp-json\/wp\/v2\/media\/15578"}],"wp:attachment":[{"href":"https:\/\/www.arquidiocesismty.org\/arquimty\/wp-json\/wp\/v2\/media?parent=15576"}],"wp:term":[{"taxonomy":"category","embeddable":true,"href":"https:\/\/www.arquidiocesismty.org\/arquimty\/wp-json\/wp\/v2\/categories?post=15576"},{"taxonomy":"post_tag","embeddable":true,"href":"https:\/\/www.arquidiocesismty.org\/arquimty\/wp-json\/wp\/v2\/tags?post=15576"}],"curies":[{"name":"wp","href":"https:\/\/api.w.org\/{rel}","templated":true}]}}