{"id":15566,"date":"2022-04-14T21:55:19","date_gmt":"2022-04-14T21:55:19","guid":{"rendered":"https:\/\/www.arquidiocesismty.org\/arquimty\/?p=15566"},"modified":"2022-04-14T23:41:35","modified_gmt":"2022-04-15T04:41:35","slug":"gracias-por-lavarnos-los-pies-dios-los-bendiga-dice-arzobispo-de-monterrey-a-personal-de-salud","status":"publish","type":"post","link":"https:\/\/www.arquidiocesismty.org\/arquimty\/gracias-por-lavarnos-los-pies-dios-los-bendiga-dice-arzobispo-de-monterrey-a-personal-de-salud\/","title":{"rendered":"&#8220;GRACIAS POR LAVARNOS LOS PIES, DIOS LOS BENDIGA&#8221; DICE ARZOBISPO DE MONTERREY A PERSONAL DE SALUD"},"content":{"rendered":"<p><em>Por: Debany Vald\u00e9s <\/em><br \/>\n<em>Monterrey, N.L. (www.pastoralsiglo21.org).- 14 de abril del 2022<\/em><\/p>\n<p><strong>Tras dos a\u00f1os de pandemia, este Jueves Santo el Arzobispo de Monterrey presidi\u00f3 de manera presencial la santa misa de la cena del Se\u00f1or e instituci\u00f3n de la eucarist\u00eda y del sacerdocio, en la Catedral de Monterrey.<\/strong><\/p>\n<p>\u201cLa Eucarist\u00eda siempre nos presenta ese doble rostro de la vida humana, el dolor y la alegr\u00eda, la muerte y la vida, nadie escapamos a esas realidades, por eso la Eucarist\u00eda es profec\u00eda de nuestra vida\u201d, se\u00f1al\u00f3 Mons. Rogelio Cabrera L\u00f3pez durante su homil\u00eda, en la cual resalt\u00f3 la gran ense\u00f1anza que nos deja Jes\u00fas en cada Eucarist\u00eda, de servir, de ser humildes y ser agradecidos:<\/p>\n<p>\u201cLa misa se llama eucarist\u00eda, agradecimiento, Cristo les da esta lecci\u00f3n, agradecer el amor, agradecer el dolor, agradecer las dificultades pero tambi\u00e9n agradecer tantas cosas buenas que tiene la vida\u201d.<\/p>\n<p><strong>\u201cCada uno haga el recuento que a lo largo de este d\u00eda le han ayudado, le han servido y tambi\u00e9n cu\u00e1ntas ocasiones tuvimos este d\u00eda de servir a los hermanos, as\u00ed tiene que ser la sociedad, as\u00ed tiene que ser la Iglesia, decir comunidad de hermanos es decir comunidad de personas que sirven, que dejan de ser ego\u00edstas; todos tenemos que servir\u201d mencion\u00f3 el Arzobispo.<\/strong><\/p>\n<p>En cuanto a la humildad comparti\u00f3: \u201cQue nadie nos oprima, que nadie abuse y que nadie se ponga sobre ning\u00fan ser humano, esa es la profec\u00eda de la eucarist\u00eda pues ese es el sentido del lavatorio de los pies\u201d.<\/p>\n<p><strong>A la misa asistieron m\u00e9dicos, enfermeras y enfermeros del Hospital Vidriera Muguerza, a quienes en nombre de la Iglesia, de los Obispos y Sacerdotes de Monterrey y de \u00e9l propiamente, agradeci\u00f3 plenamente el servicio y la humana atenci\u00f3n, que brindaron a los cientos de sacerdotes que pasaron por ese hospital en tiempos de pandemia:<\/strong><\/p>\n<p><strong>\u201cQuiero decirles las palabras propias de esta liturgia: muchas gracias, Eucarist\u00eda; que Dios los bendiga y en nombre de ustedes quiero ver a todos los m\u00e9dicos, a todas las doctoras, enfermeros y enfermeras y a tantas personas que en los hospitales nos sirvieron, gracias por lavarnos los pies, Dios los bendiga y en ustedes agradecemos a todos\u201d.<\/strong><\/p>\n<p>Seguido de la homil\u00eda, el Arzobispo de manera inicial, llev\u00f3 a acabo el signo del lavatorio de pies, donde se manifiesta el compromiso con el llamado del Se\u00f1or, de ser servidores los unos a los otros, en donde los m\u00e9dicos y enfermeras que estuvieron presentes representaron a los ap\u00f3stoles en este acontecimiento, seguido de Don Rogelio, el Padre Paco G\u00f3mez, Vicario General, el Padre Eugenio Ramos y el Padre Rafael Sauceda, rector y vicario de la Catedral, el Padre Mart\u00edn Mart\u00ednez , rector de la UNIAM y el Padre Edgar Alvarado director de las preparatorias de la UNIAM, y dos fieles laicos de la comunidad, hicieron el mismo signo de lavar los pies de los m\u00e9dicos y enfermeros en modo de agradecimiento.<\/p>\n<p>Para continuar con la celebraci\u00f3n, trasladaron a Jes\u00fas Eucarist\u00eda al monumento que se ten\u00eda preparado en la Capilla lateral del Sagrario que se encuentra ah\u00ed mismo en Catedral, en donde se llevar\u00eda la adoraci\u00f3n hasta las 9:30 de la noche.<\/p>\n<p>#SemanaSantaMTY #IglesiaDeMonterrey<\/p>\n","protected":false},"excerpt":{"rendered":"<p>Por: Debany Vald\u00e9s Monterrey, N.L. (www.pastoralsiglo21.org).- 14 de abril del 2022 Tras dos a\u00f1os de pandemia, este Jueves Santo el Arzobispo de Monterrey presidi\u00f3 de manera<span class=\"excerpt-hellip\"> [\u2026]<\/span><\/p>\n","protected":false},"author":1,"featured_media":15568,"comment_status":"closed","ping_status":"closed","sticky":false,"template":"","format":"standard","meta":[],"categories":[7,14],"tags":[],"_links":{"self":[{"href":"https:\/\/www.arquidiocesismty.org\/arquimty\/wp-json\/wp\/v2\/posts\/15566"}],"collection":[{"href":"https:\/\/www.arquidiocesismty.org\/arquimty\/wp-json\/wp\/v2\/posts"}],"about":[{"href":"https:\/\/www.arquidiocesismty.org\/arquimty\/wp-json\/wp\/v2\/types\/post"}],"author":[{"embeddable":true,"href":"https:\/\/www.arquidiocesismty.org\/arquimty\/wp-json\/wp\/v2\/users\/1"}],"replies":[{"embeddable":true,"href":"https:\/\/www.arquidiocesismty.org\/arquimty\/wp-json\/wp\/v2\/comments?post=15566"}],"version-history":[{"count":1,"href":"https:\/\/www.arquidiocesismty.org\/arquimty\/wp-json\/wp\/v2\/posts\/15566\/revisions"}],"predecessor-version":[{"id":15567,"href":"https:\/\/www.arquidiocesismty.org\/arquimty\/wp-json\/wp\/v2\/posts\/15566\/revisions\/15567"}],"wp:featuredmedia":[{"embeddable":true,"href":"https:\/\/www.arquidiocesismty.org\/arquimty\/wp-json\/wp\/v2\/media\/15568"}],"wp:attachment":[{"href":"https:\/\/www.arquidiocesismty.org\/arquimty\/wp-json\/wp\/v2\/media?parent=15566"}],"wp:term":[{"taxonomy":"category","embeddable":true,"href":"https:\/\/www.arquidiocesismty.org\/arquimty\/wp-json\/wp\/v2\/categories?post=15566"},{"taxonomy":"post_tag","embeddable":true,"href":"https:\/\/www.arquidiocesismty.org\/arquimty\/wp-json\/wp\/v2\/tags?post=15566"}],"curies":[{"name":"wp","href":"https:\/\/api.w.org\/{rel}","templated":true}]}}