{"id":15563,"date":"2022-04-13T18:10:46","date_gmt":"2022-04-13T18:10:46","guid":{"rendered":"https:\/\/www.arquidiocesismty.org\/arquimty\/?p=15563"},"modified":"2022-04-13T18:26:56","modified_gmt":"2022-04-13T23:26:56","slug":"recordemos-que-los-oleos-son-para-confortar-que-los-oleos-son-signo-de-amorv","status":"publish","type":"post","link":"https:\/\/www.arquidiocesismty.org\/arquimty\/recordemos-que-los-oleos-son-para-confortar-que-los-oleos-son-signo-de-amorv\/","title":{"rendered":"\u201cRECORDEMOS QUE LOS \u00d3LEOS SON PARA CONFORTAR, QUE LOS \u00d3LEOS SON SIGNO DE AMOR\u201dv"},"content":{"rendered":"<p><em>Por: Juan Pablo V\u00e1zquez Rodr\u00edguez<\/em><br \/>\n<em>Monterrey, N.L. (www.pastoralsiglo21.org).- 13 de abril del 2022<\/em><\/p>\n<p><strong>Este Mi\u00e9rcoles Santo, en la Bas\u00edlica de Guadalupe, se llev\u00f3 a cabo la misa Crismal, en la cual, los sacerdotes y los obispos de la Arquidi\u00f3cesis de Monterrey, renovaron sus promesas sacerdotales.<\/strong><\/p>\n<p>\u201cEn esta Eucarist\u00eda queremos refrendar nuestra promesa de ser fieles a este acontecimiento, a la unci\u00f3n y a la misi\u00f3n, ustedes lo pronunciar\u00e1n delante de un servidor su Obispo, pero tambi\u00e9n yo lo pronuncio con ustedes, ante Cristo y ante la Iglesia, todos debemos ser fieles a la opci\u00f3n y a la misi\u00f3n\u201d, se\u00f1al\u00f3 el Arzobispo de Monterrey en la homil\u00eda al referirse a este acontecimiento espiritual.<\/p>\n<p>Mons. Rogelio Cabrera, tambi\u00e9n se refiri\u00f3 a lo que se\u00f1alo como \u201calgo bien importante, dif\u00edcil de compartir\u201d, la misi\u00f3n de entregar el Evangelio a los pobres, \u201cqu\u00e9 complicado hablar acerca de esto\u201d, a\u00f1adi\u00f3 \u201cpor qu\u00e9 hablar de los pobres da lugar a todo, a posiciones ideol\u00f3gicas, a programas pol\u00edticos, nos pone siempre en el riesgo de dividir, de por eso primero es la unci\u00f3n, primero es el amor, el amor es lo \u00fanico que nos permite escapar de toda divisi\u00f3n\u201d.<\/p>\n<p><strong>\u201cEL SE\u00d1OR NOS ENVI\u00d3 PARA AMAR A TODOS\u201d<\/strong><\/p>\n<p>En su mensaje, el Arzobispo de Monterrey, se refiri\u00f3 al gran y diverso tipo de sufrimiento que padece la comunidad, e invito a los sacerdotes a tener \u201cuna actitud afectuosa, un sentimiento compasivo y comprensivo\u201d.<\/p>\n<p>\u201cCu\u00e1nto sufrimiento y cu\u00e1ntas heridas en las hermanas y hermanos enfermos, f\u00edsicamente, espiritualmente, psicol\u00f3gicamente; se imaginan cu\u00e1l es el n\u00famero de personas que hoy padecen alguna problem\u00e1tica psicol\u00f3gica de \u00e1nimo, es innumerable y algunos de nosotros tambi\u00e9n compartimos esos padecimientos\u201d.<\/p>\n<p><strong>\u201cSer sacerdotes que comparten la vida, en la din\u00e1mica que nos hicieron (en la pl\u00e1tica antes de Misa) nos preguntaron con que s\u00edmbolo nos podr\u00edamos identificar, yo puse con el az\u00facar, porque hoy el mundo necesita dulzura, hay ya demasiada amargura, hay ya demasiados problemas\u201d.<\/strong><\/p>\n<h5><strong>\u201cHERMANOS SACERDOTES, DEJEMOS DE JUZGAR AL PUEBLO\u201d<\/strong><\/h5>\n<p>Adem\u00e1s, en la homil\u00eda, Mons. Cabrera hizo un claro llamado a los sacerdotes, para no juzgar a los fieles:<\/p>\n<p><strong>\u201cHermanos sacerdotes dejemos de juzgar al pueblo, ya la vida en s\u00ed misma es complicada, no sumemos un dolor a muchos dolores, es cierto tenemos que proclamar la verdad, es cierto tenemos que defender la garant\u00eda \u00e9tica y moral del cristianismo, pero primero y sobre todo es el afecto, hoy la gente es juzgada por todos, o todos somos juzgados por todos, quien escapa ante el embate de la opini\u00f3n de los dem\u00e1s\u201d.<\/strong><\/p>\n<p>\u201cNinguno nosotros tenemos una sola medida, la nueva medida que Cristo ha propuesto, la del amor, de la misericordia y el perd\u00f3n\u201d, apunt\u00f3.<\/p>\n<h5><strong>\u201cLA GENTE NO CAMBIA POR LA LEY, LA LEY NO ES UN LADRILLO PARA GOLPEAR, LA LEY ES PEDAGOG\u00cdA\u201d<\/strong><\/h5>\n<p>Finalmente, nuestro pastor convoc\u00f3 a los sacerdotes a \u201cno poner la medida de nada\u201d, a\u00f1adiendo que \u201cCristo ya la puso, \u00c9l ya vio su veredicto, los perdono a todos, no vamos a contradecirlo, no vamos a ir en contra del Evangelio\u201d.<\/p>\n<p>\u201cAlguien podr\u00eda, decir que relativismo nos est\u00e1 predicando el Obispo, no hermanos, la gente no cambia por la ley, la ley no es un ladrillo para golpear, la ley es pedagog\u00eda, es cierto, estamos mejor si cumplimos la ley de Dios, porque es la pedagog\u00eda del amor, no mates, no robes, no mientas, pero hay que hacerlo con la pedagog\u00eda del Evangelio\u201d.<\/p>\n<p><strong>\u201cSi Cristo tiene mucha paciencia con nosotros, tambi\u00e9n debemos tenerla por los pobres, con todos aquellos est\u00e1n necesitados, de una o de otra y tambi\u00e9n entre nosotros los sacerdotes, tratarnos bien, perdonarnos, aceptarnos, querer estar juntos en la misi\u00f3n, caminar con Cristo\u201d.<\/strong><\/p>\n<p>Finalmente, nuestro Obispo invit\u00f3 a los sacerdotes a \u201ccaminar con mucha decisi\u00f3n, caminar juntos\u201d, a\u00f1adiendo que \u201cpara caminar, hay que recibir humildemente la misi\u00f3n y ser ungidos con el amor de Dios, de su Esp\u00edritu Santo\u201d.<\/p>\n<p>#MisaCrismal<br \/>\n#Mi\u00e9rcolesSanto<br \/>\n#IglesiaDeMonterrey<\/p>\n","protected":false},"excerpt":{"rendered":"<p>Por: Juan Pablo V\u00e1zquez Rodr\u00edguez Monterrey, N.L. (www.pastoralsiglo21.org).- 13 de abril del 2022 Este Mi\u00e9rcoles Santo, en la Bas\u00edlica de Guadalupe, se llev\u00f3 a cabo la<span class=\"excerpt-hellip\"> [\u2026]<\/span><\/p>\n","protected":false},"author":1,"featured_media":15565,"comment_status":"closed","ping_status":"closed","sticky":false,"template":"","format":"standard","meta":[],"categories":[7,14],"tags":[],"_links":{"self":[{"href":"https:\/\/www.arquidiocesismty.org\/arquimty\/wp-json\/wp\/v2\/posts\/15563"}],"collection":[{"href":"https:\/\/www.arquidiocesismty.org\/arquimty\/wp-json\/wp\/v2\/posts"}],"about":[{"href":"https:\/\/www.arquidiocesismty.org\/arquimty\/wp-json\/wp\/v2\/types\/post"}],"author":[{"embeddable":true,"href":"https:\/\/www.arquidiocesismty.org\/arquimty\/wp-json\/wp\/v2\/users\/1"}],"replies":[{"embeddable":true,"href":"https:\/\/www.arquidiocesismty.org\/arquimty\/wp-json\/wp\/v2\/comments?post=15563"}],"version-history":[{"count":1,"href":"https:\/\/www.arquidiocesismty.org\/arquimty\/wp-json\/wp\/v2\/posts\/15563\/revisions"}],"predecessor-version":[{"id":15564,"href":"https:\/\/www.arquidiocesismty.org\/arquimty\/wp-json\/wp\/v2\/posts\/15563\/revisions\/15564"}],"wp:featuredmedia":[{"embeddable":true,"href":"https:\/\/www.arquidiocesismty.org\/arquimty\/wp-json\/wp\/v2\/media\/15565"}],"wp:attachment":[{"href":"https:\/\/www.arquidiocesismty.org\/arquimty\/wp-json\/wp\/v2\/media?parent=15563"}],"wp:term":[{"taxonomy":"category","embeddable":true,"href":"https:\/\/www.arquidiocesismty.org\/arquimty\/wp-json\/wp\/v2\/categories?post=15563"},{"taxonomy":"post_tag","embeddable":true,"href":"https:\/\/www.arquidiocesismty.org\/arquimty\/wp-json\/wp\/v2\/tags?post=15563"}],"curies":[{"name":"wp","href":"https:\/\/api.w.org\/{rel}","templated":true}]}}