{"id":15557,"date":"2022-04-11T17:00:35","date_gmt":"2022-04-11T17:00:35","guid":{"rendered":"https:\/\/www.arquidiocesismty.org\/arquimty\/?p=15557"},"modified":"2022-04-11T23:36:39","modified_gmt":"2022-04-12T04:36:39","slug":"81-anos-de-vida-del-padre-jesus-garza-guerra","status":"publish","type":"post","link":"https:\/\/www.arquidiocesismty.org\/arquimty\/81-anos-de-vida-del-padre-jesus-garza-guerra\/","title":{"rendered":"81 A\u00d1OS DE VIDA DEL PADRE JES\u00daS GARZA GUERRA"},"content":{"rendered":"<p><em>Por: Juan Pablo V\u00e1zquez Rodr\u00edguez<\/em><br \/>\n<em>Monterrey, N.L. (www.pastoralsiglo21.org).- 11 de abril del 2022<\/em><\/p>\n<p>El padre Jes\u00fas Garza Guerra, cumple este 11 de abril 81 a\u00f1os de vida.<\/p>\n<p><strong>El padre Garza Guerra, naci\u00f3 el 11 de abril de 1941, se cri\u00f3 en la casa de su bisabuela en el Barrio Antiguo de Monterrey. Ah\u00ed viv\u00eda con su padre, Faustino Garza G\u00f3mez, obrero en Fundidora, y su madre, Mar\u00eda de Jes\u00fas Guerra, quien por un tiempo trabaj\u00f3 como maestra. Sus tres hermanos eran Julia Guillermina, Faustino y Oscar.<\/strong><\/p>\n<p>Ingreso al Seminario a los 12 a\u00f1os de edad y fue ordenado sacerdote el 29 de junio de 1965.<\/p>\n<p>El padre Jes\u00fas ha ejercido su ministerio en las parroquia: San Antonio de Padua, Santo Cristo, Virgen Morena y Cristo Rey.<\/p>\n<p>Su ministerio se ha caracterizado por la ayuda a los m\u00e1s pobres y marginados: por la atenci\u00f3n humana integral a los hermanos migrantes.<\/p>\n<p><strong>En el a\u00f1o de 1999 fund\u00f3 la Casa del Forastero Santa Martha, donde siempre con una sonrisa y una alegr\u00eda fraterna ha brindado apoyo a miles de migrantes; desde apoyo de alimento y hospedaje, hasta ayuda en sus problemas legales. Sin faltar el apoyo espiritual.<\/strong><\/p>\n<p>A nivel nacional tambi\u00e9n desempe\u00f1\u00f3 diversas responsabilidades a favor de los hermanos peregrinos, principalmente en la pastoral de la movilidad humana.<\/p>\n<p>Los que conocen al padre Jes\u00fas saben si su calidad humana, de la grandeza de su coraz\u00f3n y su capacidad de entrega y servicio.<\/p>\n<p>Es un sacerdote muy querido por sus hermanos en el ministerio.<\/p>\n<p>Damos gracias a Dios por la vida del padre Garza Guerra, por la dicha de tenerlo entre nosotros. Dios le pague al ciento por uno toda su entrega y sacrificios al servicio de los amados por Jes\u00fas.<\/p>\n<p>\u00a1Gracias padre Jes\u00fas Garza Guerra por tu entrega y amor a Dios!<\/p>\n<p>#IglesiaDeMonterrey<br \/>\n#MemoriaAgradecida<\/p>\n","protected":false},"excerpt":{"rendered":"<p>Por: Juan Pablo V\u00e1zquez Rodr\u00edguez Monterrey, N.L. (www.pastoralsiglo21.org).- 11 de abril del 2022 El padre Jes\u00fas Garza Guerra, cumple este 11 de abril 81 a\u00f1os de<span class=\"excerpt-hellip\"> [\u2026]<\/span><\/p>\n","protected":false},"author":1,"featured_media":15559,"comment_status":"closed","ping_status":"closed","sticky":false,"template":"","format":"standard","meta":[],"categories":[7,14],"tags":[],"_links":{"self":[{"href":"https:\/\/www.arquidiocesismty.org\/arquimty\/wp-json\/wp\/v2\/posts\/15557"}],"collection":[{"href":"https:\/\/www.arquidiocesismty.org\/arquimty\/wp-json\/wp\/v2\/posts"}],"about":[{"href":"https:\/\/www.arquidiocesismty.org\/arquimty\/wp-json\/wp\/v2\/types\/post"}],"author":[{"embeddable":true,"href":"https:\/\/www.arquidiocesismty.org\/arquimty\/wp-json\/wp\/v2\/users\/1"}],"replies":[{"embeddable":true,"href":"https:\/\/www.arquidiocesismty.org\/arquimty\/wp-json\/wp\/v2\/comments?post=15557"}],"version-history":[{"count":1,"href":"https:\/\/www.arquidiocesismty.org\/arquimty\/wp-json\/wp\/v2\/posts\/15557\/revisions"}],"predecessor-version":[{"id":15558,"href":"https:\/\/www.arquidiocesismty.org\/arquimty\/wp-json\/wp\/v2\/posts\/15557\/revisions\/15558"}],"wp:featuredmedia":[{"embeddable":true,"href":"https:\/\/www.arquidiocesismty.org\/arquimty\/wp-json\/wp\/v2\/media\/15559"}],"wp:attachment":[{"href":"https:\/\/www.arquidiocesismty.org\/arquimty\/wp-json\/wp\/v2\/media?parent=15557"}],"wp:term":[{"taxonomy":"category","embeddable":true,"href":"https:\/\/www.arquidiocesismty.org\/arquimty\/wp-json\/wp\/v2\/categories?post=15557"},{"taxonomy":"post_tag","embeddable":true,"href":"https:\/\/www.arquidiocesismty.org\/arquimty\/wp-json\/wp\/v2\/tags?post=15557"}],"curies":[{"name":"wp","href":"https:\/\/api.w.org\/{rel}","templated":true}]}}