{"id":15554,"date":"2022-04-11T17:00:42","date_gmt":"2022-04-11T17:00:42","guid":{"rendered":"https:\/\/www.arquidiocesismty.org\/arquimty\/?p=15554"},"modified":"2022-04-11T17:32:31","modified_gmt":"2022-04-11T22:32:31","slug":"la-mentalidad-del-yo-se-opone-a-la-entrega-de-dios","status":"publish","type":"post","link":"https:\/\/www.arquidiocesismty.org\/arquimty\/la-mentalidad-del-yo-se-opone-a-la-entrega-de-dios\/","title":{"rendered":"LA MENTALIDAD DEL &#8220;YO&#8221; SE OPONE A LA ENTREGA DE DIOS"},"content":{"rendered":"<p><em>Por: Juan Pablo V\u00e1zquez Rodr\u00edguez<\/em><br \/>\n<em>Monterrey, N.L. (www.pastoralsiglo21.org).- 11 de abril del 2022<\/em><\/p>\n<p><strong>La ma\u00f1ana del 10 de abril, Domingo de Ramos, el Papa Francisco celebr\u00f3 la Santa Misa precedida por la procesi\u00f3n y bendici\u00f3n de las palmas de olivo en una soleada Plaza de San Pedro.<\/strong><\/p>\n<p>Ante la presencia de los fieles y peregrinos all\u00ed congregados, el Santo Padre reflexion\u00f3 sobre el Evangelio del d\u00eda seg\u00fan San Lucas (Lc 22, 14\u201323, 56) que narra la Pasi\u00f3n de Jes\u00fas y destac\u00f3 que en el Calvario se enfrentan dos mentalidades:<\/p>\n<p>&#8220;Las palabras de Jes\u00fas crucificado en el Evangelio, \u00abPadre, perd\u00f3nalos porque no saben lo que hacen\u00bb (v. 34), se contraponen, en efecto, a aquellas que pronuncian los soldados que lo crucifican: \u00abQue se salve a s\u00ed mismo si este es el Mes\u00edas de Dios, el elegido!\u00bb (Lc 23,35)&#8221;.<\/p>\n<p><strong>En este sentido, el Papa Francisco se\u00f1al\u00f3 que &#8220;salvarse a s\u00ed mismo&#8221;, es decir, cuidarse a s\u00ed mismo, \u1d18\u1d07\u0274s\u1d00\u0280 \u1d07\u0274 s\u00ed \u1d0d\u026as\u1d0d\u1d0f \u028f \u0274\u1d0f \u1d07\u0274 \u029f\u1d0fs \u1d05\u1d07\u1d0d\u00e1s, &#8220;\u1d07s \u1d07\u029f \u1d07s\u1d1b\u0280\u026a\u0299\u026a\u029f\u029f\u1d0f \u1d05\u1d07 \u029f\u1d00 \u029c\u1d1c\u1d0d\u1d00\u0274\u026a\u1d05\u1d00\u1d05 \u01eb\u1d1c\u1d07 \u029c\u1d00 \u1d04\u0280\u1d1c\u1d04\u026a\u0493\u026a\u1d04\u1d00\u1d05\u1d0f \u1d00\u029f S\u1d07\u00f1\u1d0f\u0280&#8221;, \u028f \u01eb\u1d1c\u1d07 s\u1d0f\u029f\u1d00\u1d0d\u1d07\u0274\u1d1b\u1d07 s\u1d07 \u1d18\u0280\u1d07\u1d0f\u1d04\u1d1c\u1d18\u1d00 &#8220;\u1d18\u1d0f\u0280 \u029f\u1d00 \u1d18\u0280\u1d0f\u1d18\u026a\u1d00 s\u1d00\u029f\u1d1c\u1d05, \u1d07\u029f \u1d18\u0280\u1d0f\u1d18\u026a\u1d0f \u00e9x\u026a\u1d1b\u1d0f, \u029f\u1d0fs \u1d18\u0280\u1d0f\u1d18\u026a\u1d0fs \u026a\u0274\u1d1b\u1d07\u0280\u1d07s\u1d07s; \u1d04\u1d07\u0274\u1d1b\u0280\u1d00\u1d05\u1d00 \u1d07\u0274 \u1d07\u029f \u1d1b\u1d07\u0274\u1d07\u0280, \u1d07\u0274 \u1d07\u029f \u1d18\u1d0f\u1d05\u1d07\u0280 \u028f \u1d07\u0274 \u029f\u1d00 \u1d00\u1d18\u1d00\u0280\u026a\u1d07\u0274\u1d04\u026a\u1d00&#8221;.<\/strong><\/p>\n<p>Sin embargo -continu\u00f3 explicando el Pont\u00edfice- la mentalidad del yo se opone a la de Dios; &#8220;el s\u00e1lvate a ti mismo discuerda con el Salvador que se ofrece a s\u00ed mismo y cuando toma la palabra, no se defiende, ni se justifica o reivindica algo en su beneficio, sino que reza al Padre y ofrece misericordia al buen ladr\u00f3n&#8221;; aquel malhechor que crucificado junto a \u00c9l y arrepentido por sus pecados pide al Hijo de Dios que se acuerde de \u00e9l cuando llegue al para\u00edso.<\/p>\n<p>Asimismo, el Papa invit\u00f3 a todos a reflexionar sobre las palabras de Jes\u00fas en la cruz, quien en medio del dolor lacerante que padec\u00eda no recurri\u00f3 a los gritos ni a la rabia, &#8220;no reprocha a sus verdugos ni amenaza con castigos en nombre de Dios&#8221;, sino que reza por los malvados y dice &#8220;Padre, perd\u00f3nalos&#8221;.<\/p>\n<p>??????????? ? ??? ?????? ?? ?? ???? ??? ?? ????<\/p>\n<p>El Papa Francisco record\u00f3 que, a menudo, nuestro comportamiento es totalmente el opuesto: &#8220;Perdemos mucho tiempo pensando en quienes nos han hecho da\u00f1o, mir\u00e1ndonos dentro de nosotros mismos y lami\u00e9ndonos las heridas que nos han causado los otros, la vida, la historia&#8221;.<\/p>\n<p><strong>&#8220;Hoy Jes\u00fas -dijo el Pont\u00edfice- nos ense\u00f1a a no quedarnos ah\u00ed, sino a reaccionar, a romper el c\u00edrculo vicioso del mal y de las quejas, a responder a los clavos de la vida con el amor y a los golpes del odio con la caricia del perd\u00f3n&#8221;.<\/strong><\/p>\n<p>#PapaFrancisco<br \/>\n#SemanaSanta2022<\/p>\n","protected":false},"excerpt":{"rendered":"<p>Por: Juan Pablo V\u00e1zquez Rodr\u00edguez Monterrey, N.L. (www.pastoralsiglo21.org).- 11 de abril del 2022 La ma\u00f1ana del 10 de abril, Domingo de Ramos, el Papa Francisco celebr\u00f3<span class=\"excerpt-hellip\"> [\u2026]<\/span><\/p>\n","protected":false},"author":1,"featured_media":15556,"comment_status":"open","ping_status":"closed","sticky":false,"template":"","format":"standard","meta":[],"categories":[112,14],"tags":[],"_links":{"self":[{"href":"https:\/\/www.arquidiocesismty.org\/arquimty\/wp-json\/wp\/v2\/posts\/15554"}],"collection":[{"href":"https:\/\/www.arquidiocesismty.org\/arquimty\/wp-json\/wp\/v2\/posts"}],"about":[{"href":"https:\/\/www.arquidiocesismty.org\/arquimty\/wp-json\/wp\/v2\/types\/post"}],"author":[{"embeddable":true,"href":"https:\/\/www.arquidiocesismty.org\/arquimty\/wp-json\/wp\/v2\/users\/1"}],"replies":[{"embeddable":true,"href":"https:\/\/www.arquidiocesismty.org\/arquimty\/wp-json\/wp\/v2\/comments?post=15554"}],"version-history":[{"count":1,"href":"https:\/\/www.arquidiocesismty.org\/arquimty\/wp-json\/wp\/v2\/posts\/15554\/revisions"}],"predecessor-version":[{"id":15555,"href":"https:\/\/www.arquidiocesismty.org\/arquimty\/wp-json\/wp\/v2\/posts\/15554\/revisions\/15555"}],"wp:featuredmedia":[{"embeddable":true,"href":"https:\/\/www.arquidiocesismty.org\/arquimty\/wp-json\/wp\/v2\/media\/15556"}],"wp:attachment":[{"href":"https:\/\/www.arquidiocesismty.org\/arquimty\/wp-json\/wp\/v2\/media?parent=15554"}],"wp:term":[{"taxonomy":"category","embeddable":true,"href":"https:\/\/www.arquidiocesismty.org\/arquimty\/wp-json\/wp\/v2\/categories?post=15554"},{"taxonomy":"post_tag","embeddable":true,"href":"https:\/\/www.arquidiocesismty.org\/arquimty\/wp-json\/wp\/v2\/tags?post=15554"}],"curies":[{"name":"wp","href":"https:\/\/api.w.org\/{rel}","templated":true}]}}