{"id":15548,"date":"2022-04-10T13:00:25","date_gmt":"2022-04-10T13:00:25","guid":{"rendered":"https:\/\/www.arquidiocesismty.org\/arquimty\/?p=15548"},"modified":"2022-04-11T11:16:59","modified_gmt":"2022-04-11T16:16:59","slug":"manifiesta-arzobispo-solidaridad-de-la-iglesia-de-monterrey-con-familias-de-seres-queridos-desaparecidos","status":"publish","type":"post","link":"https:\/\/www.arquidiocesismty.org\/arquimty\/manifiesta-arzobispo-solidaridad-de-la-iglesia-de-monterrey-con-familias-de-seres-queridos-desaparecidos\/","title":{"rendered":"MANIFIESTA ARZOBISPO SOLIDARIDAD DE LA IGLESIA DE MONTERREY CON FAMILIAS DE SERES QUERIDOS DESAPARECIDOS"},"content":{"rendered":"<p><em>Por: Juan Pablo V\u00e1zquez Rodr\u00edguez<\/em><br \/>\n<em>Monterrey, N.L. (www.pastoralsiglo21.org).- 10 de abril del 2022<\/em><\/p>\n<p><strong>Ante la dif\u00edcil situaci\u00f3n que enfrenta Nuevo Le\u00f3n y todo nuestro pa\u00eds, por la desaparici\u00f3n de personas, el Arzobispo de Monterrey, Mons. Rogelio Cabrera manifest\u00f3 la solidaridad de la Iglesia con familiares y amigos de quienes sufren por esta causa.<\/strong><\/p>\n<p><strong>\u201cEs una oportunidad para manifestar nuestra adhesi\u00f3n con aquellas familias que est\u00e1n viviendo momentos de angustia por la desaparici\u00f3n de alguno de sus seres queridos\u201d.<\/strong><\/p>\n<p>Adem\u00e1s, Mons. Rogelio comparti\u00f3 sobre el encuentro que tuvo con familiares y amigos de personas desaparecidas del movimiento de \u201cB\u00fasqueda Nacional en Vida por Nuestros Desaparecidos\u201d.<\/p>\n<p><strong>\u201cAl respecto, el d\u00eda de ayer tuve la oportunidad de volverme a encontrar en la Eucarist\u00eda, aqu\u00ed en Catedral, con familiares y amigos de personas desaparecidas, buscando confortarlos con nuestras oraciones y poni\u00e9ndonos a su disposici\u00f3n para colaborar en lo que sea posible\u201d.<\/strong><\/p>\n<p>\u201cEllos forman parte del movimiento de B\u00fasqueda Nacional en Vida por Nuestros Desaparecidos y estuvieron durante 15 d\u00edas en nuestra ciudad con la esperanza de encontrar noticias de sus seres queridos\u201d.<\/p>\n<p>El tambi\u00e9n preside dela Conferencia del Episcopado Mexicano, manifest\u00f3 su preocupaci\u00f3n por la situaci\u00f3n que e tenga el pa\u00eds en este importante tema.<\/p>\n<p><strong>\u201cDesafortunadamente el n\u00famero de personas desaparecidas en todo el Pa\u00eds ha ido en aumento, y nuestro Estado no es la excepci\u00f3n. Recientemente se ha hecho p\u00fablico que, por lo menos en el mes de marzo, 15 mujeres han sido reportadas como desaparecidas\u201d.<\/strong><\/p>\n<p>\u201cSabemos que en algunos casos se ha dado con la ubicaci\u00f3n de las personas en casa de familiares o amigos, y al encontrarlas han manifestado que salieron de sus hogares para evitar m\u00e1s problemas\u201d.<\/p>\n<p>\u201cTristemente la violencia familiar sigue a la alza y eso ocasiona el que los menores de edad y las mujeres, busquen su seguridad en otro lugar, lo que puede ocasionar todav\u00eda m\u00e1s abusos por parte de personas que se aprovechan de su vulnerabilidad\u201d.<\/p>\n<p>Finalmente, el Arzobispo realiz\u00f3 un llamado a las autoridades a tener mayor empe\u00f1o para atender de fondo esta problem\u00e1tica.<\/p>\n<p><strong>\u201cEs por eso que el llamado que realizamos desde la caridad a las autoridades es para poner mayor empe\u00f1o en lo referente a la seguridad p\u00fablica y el acompa\u00f1amiento psicol\u00f3gico y preventivo en todas las familias, particularmente en aquellas que viven historias de angustia y desesperaci\u00f3n\u201d.<\/strong><br \/>\n#IglesiaDeMonterrey<\/p>\n","protected":false},"excerpt":{"rendered":"<p>Por: Juan Pablo V\u00e1zquez Rodr\u00edguez Monterrey, N.L. (www.pastoralsiglo21.org).- 10 de abril del 2022 Ante la dif\u00edcil situaci\u00f3n que enfrenta Nuevo Le\u00f3n y todo nuestro pa\u00eds, por<span class=\"excerpt-hellip\"> [\u2026]<\/span><\/p>\n","protected":false},"author":1,"featured_media":15550,"comment_status":"closed","ping_status":"closed","sticky":false,"template":"","format":"standard","meta":[],"categories":[7,14],"tags":[],"_links":{"self":[{"href":"https:\/\/www.arquidiocesismty.org\/arquimty\/wp-json\/wp\/v2\/posts\/15548"}],"collection":[{"href":"https:\/\/www.arquidiocesismty.org\/arquimty\/wp-json\/wp\/v2\/posts"}],"about":[{"href":"https:\/\/www.arquidiocesismty.org\/arquimty\/wp-json\/wp\/v2\/types\/post"}],"author":[{"embeddable":true,"href":"https:\/\/www.arquidiocesismty.org\/arquimty\/wp-json\/wp\/v2\/users\/1"}],"replies":[{"embeddable":true,"href":"https:\/\/www.arquidiocesismty.org\/arquimty\/wp-json\/wp\/v2\/comments?post=15548"}],"version-history":[{"count":1,"href":"https:\/\/www.arquidiocesismty.org\/arquimty\/wp-json\/wp\/v2\/posts\/15548\/revisions"}],"predecessor-version":[{"id":15549,"href":"https:\/\/www.arquidiocesismty.org\/arquimty\/wp-json\/wp\/v2\/posts\/15548\/revisions\/15549"}],"wp:featuredmedia":[{"embeddable":true,"href":"https:\/\/www.arquidiocesismty.org\/arquimty\/wp-json\/wp\/v2\/media\/15550"}],"wp:attachment":[{"href":"https:\/\/www.arquidiocesismty.org\/arquimty\/wp-json\/wp\/v2\/media?parent=15548"}],"wp:term":[{"taxonomy":"category","embeddable":true,"href":"https:\/\/www.arquidiocesismty.org\/arquimty\/wp-json\/wp\/v2\/categories?post=15548"},{"taxonomy":"post_tag","embeddable":true,"href":"https:\/\/www.arquidiocesismty.org\/arquimty\/wp-json\/wp\/v2\/tags?post=15548"}],"curies":[{"name":"wp","href":"https:\/\/api.w.org\/{rel}","templated":true}]}}