{"id":15545,"date":"2022-04-10T11:00:24","date_gmt":"2022-04-10T11:00:24","guid":{"rendered":"https:\/\/www.arquidiocesismty.org\/arquimty\/?p=15545"},"modified":"2022-04-11T11:11:20","modified_gmt":"2022-04-11T16:11:20","slug":"que-esta-semana-santa-sea-una-semana-de-brillo-de-la-caridad-y-del-perdon","status":"publish","type":"post","link":"https:\/\/www.arquidiocesismty.org\/arquimty\/que-esta-semana-santa-sea-una-semana-de-brillo-de-la-caridad-y-del-perdon\/","title":{"rendered":"&#8220;QUE EST\u00c1 SEMANA SANTA SEA UNA SEMANA DE BRILLO DE LA CARIDAD Y DEL PERD\u00d3N\u201d"},"content":{"rendered":"<p><em>Por: Juan Pablo V\u00e1zquez Rodr\u00edguez<\/em><br \/>\n<em>Monterrey, N.L. (www.pastoralsiglo21.org).- 10 de abril del 2022<\/em><\/p>\n<p><strong>El Arzobispo de Monterrey, Mons. Rogelio Cabrera L\u00f3pez, invit\u00f3 a todos los cristianos, a que la vivencia de esta Semana Santa no solo sea vista como d\u00edas de descanso, sino adem\u00e1s dediquemos un espacio para reflexionar y la vivencia de la caridad.<\/strong><\/p>\n<p>\u201cEs por eso importante que no solo busquemos participar en las actividades lit\u00fagicas y de devoci\u00f3n que todas las parroquias y capillas organizan, sino que aprovechemos la semana para acercarnos a Dios especialmente en el encuentro con nuestro pr\u00f3jimo\u201d.<\/p>\n<p>\u201cEstos d\u00edas, son una oportunidad para compartir con nuestros familiares la fe, llev\u00e1ndola a la pr\u00e1ctica en la visita a los enfermos, o bien, organizando alg\u00fan momento de encuentro fraterno con quienes viven alejados, por diversas circunstancias, de la convivencia cotidiana<\/p>\n<p>Adem\u00e1s, Mons. Rogelio, se\u00f1al\u00f3 que es un buen momento para hacer a un lado todos los problemas y resentimientos que puedan estar afectando la buena relaci\u00f3n familiar o con nuestros vecinos.<\/p>\n<p><strong>\u201cEstos d\u00edas santos, son la ocasi\u00f3n ideal para fortalecer en nosotros el mandamiento del amor. Todos lo conocemos muy bien, ahora hay que ponerlo en pr\u00e1ctica\u201d.<\/strong><\/p>\n<p>#IglesiaDeMonterrey<\/p>\n","protected":false},"excerpt":{"rendered":"<p>Por: Juan Pablo V\u00e1zquez Rodr\u00edguez Monterrey, N.L. (www.pastoralsiglo21.org).- 10 de abril del 2022 El Arzobispo de Monterrey, Mons. Rogelio Cabrera L\u00f3pez, invit\u00f3 a todos los cristianos,<span class=\"excerpt-hellip\"> [\u2026]<\/span><\/p>\n","protected":false},"author":1,"featured_media":15547,"comment_status":"closed","ping_status":"closed","sticky":false,"template":"","format":"standard","meta":[],"categories":[7,14],"tags":[],"_links":{"self":[{"href":"https:\/\/www.arquidiocesismty.org\/arquimty\/wp-json\/wp\/v2\/posts\/15545"}],"collection":[{"href":"https:\/\/www.arquidiocesismty.org\/arquimty\/wp-json\/wp\/v2\/posts"}],"about":[{"href":"https:\/\/www.arquidiocesismty.org\/arquimty\/wp-json\/wp\/v2\/types\/post"}],"author":[{"embeddable":true,"href":"https:\/\/www.arquidiocesismty.org\/arquimty\/wp-json\/wp\/v2\/users\/1"}],"replies":[{"embeddable":true,"href":"https:\/\/www.arquidiocesismty.org\/arquimty\/wp-json\/wp\/v2\/comments?post=15545"}],"version-history":[{"count":1,"href":"https:\/\/www.arquidiocesismty.org\/arquimty\/wp-json\/wp\/v2\/posts\/15545\/revisions"}],"predecessor-version":[{"id":15546,"href":"https:\/\/www.arquidiocesismty.org\/arquimty\/wp-json\/wp\/v2\/posts\/15545\/revisions\/15546"}],"wp:featuredmedia":[{"embeddable":true,"href":"https:\/\/www.arquidiocesismty.org\/arquimty\/wp-json\/wp\/v2\/media\/15547"}],"wp:attachment":[{"href":"https:\/\/www.arquidiocesismty.org\/arquimty\/wp-json\/wp\/v2\/media?parent=15545"}],"wp:term":[{"taxonomy":"category","embeddable":true,"href":"https:\/\/www.arquidiocesismty.org\/arquimty\/wp-json\/wp\/v2\/categories?post=15545"},{"taxonomy":"post_tag","embeddable":true,"href":"https:\/\/www.arquidiocesismty.org\/arquimty\/wp-json\/wp\/v2\/tags?post=15545"}],"curies":[{"name":"wp","href":"https:\/\/api.w.org\/{rel}","templated":true}]}}