{"id":15539,"date":"2022-04-06T17:35:10","date_gmt":"2022-04-06T17:35:10","guid":{"rendered":"https:\/\/www.arquidiocesismty.org\/arquimty\/?p=15539"},"modified":"2022-04-08T00:03:40","modified_gmt":"2022-04-08T05:03:40","slug":"la-politica-tiene-que-ser-una-tarea-de-amor","status":"publish","type":"post","link":"https:\/\/www.arquidiocesismty.org\/arquimty\/la-politica-tiene-que-ser-una-tarea-de-amor\/","title":{"rendered":"LA POL\u00cdTICA TIENE QUE SER UNA TAREA DE AMOR"},"content":{"rendered":"<p><em>Por: Juan Pablo V\u00e1zquez Rodr\u00edguez<\/em><br \/>\n<em>Monterrey, N.L. (www.pastoralsiglo21.org).- 7 de abril del 2022<\/em><\/p>\n<p><strong>Durante la reuni\u00f3n del d\u00eda de ayer, del Arzobispo de Monterrey &#8211; Mons. Rogelio Cabrera L\u00f3pez, con pol\u00edticos de Nuevo Le\u00f3n, donde se les comparti\u00f3 sobre el proceso de sinodalidad que vive la Iglesia, el tambi\u00e9n presidente de la Conferencia del Episcopado Mexicano, les comparti\u00f3 la invitaci\u00f3n realizada por el Papa Francisco, para que todos los sectores de la sociedad podamos vivir la fraternidad.<\/strong><\/p>\n<blockquote><p><strong>\u201cEl Papa Francisco nos invit\u00f3 en la enc\u00edclica \u201cHermanos todos\u201d, ese sue\u00f1o siempre realidad, aunque nunca es plenamente realidad, de vivir como hermanos; agradezco lo que compartieron en las mesas, ya saben el gran respeto que tengo para su actividad, reconociendo los l\u00edmites que tiene en su puesto en pr\u00e1ctica, como todo lo humano, pero reconozco el valor y la importancia de su tarea\u201d.<\/strong><\/p><\/blockquote>\n<p>\u201cAs\u00ed como dec\u00eda el Papa San Juan Pablo II, refiri\u00e9ndose a nosotros los sacerdotes: &lt;&lt;no olviden que es una tarea de amor&gt;&gt;, creo tambi\u00e9n as\u00ed tiene que ser la pol\u00edtica, una tarea de amor. Aquel que no ama al pueblo, aquel que no ama a las personas con las que se encuentra, no podr\u00e1 nunca hacer algo que construya correctamente la sociedad, s\u00e9 que tenemos que confrontar ideas, s\u00e9 que la oposici\u00f3n es parte de la din\u00e1mica para encontrar los mejores caminos, pero creo yo que el respeto, la amistad y la fraternidad deben estar siempre sobre cualquier diferencia\u201d, a\u00f1adi\u00f3.<\/p>\n<p>Finalmente, <strong>el Arzobispo de Monterrey<\/strong>, agradeci\u00f3 su participaci\u00f3n y manifest\u00f3 sobre su misi\u00f3n al frente de esta Iglesia Arquidiocesana.<\/p>\n<p><strong>\u201cGracias por acompa\u00f1arnos, les regresaremos la informaci\u00f3n que ustedes compartieron y estaremos siempre al pendiente de que puedan saber tambi\u00e9n del caminar de esta Iglesia de Monterrey, a la cual sirvo con mucho gusto, con mucha alegr\u00eda y siempre tambi\u00e9n con cada uno de ustedes a quienes respeto much\u00edsimo\u201d.<\/strong><\/p>\n<p>\u201cMi tarea y as\u00ed la entiendo, es siempre la de promover la amistad, nunca me ver\u00e1n confront\u00e1ndome con nadie, es parte de mi constituci\u00f3n, pero tambi\u00e9n es parte de mis decisiones, prefiero equivocarme por amar, que equivocarme por odiar, as\u00ed es que gracias por estar aqu\u00ed con nosotros, agradecemos much\u00edsimo de coraz\u00f3n esta benevolencia que tienen para conmigo y para nuestra Iglesia Cat\u00f3lica\u201d.<\/p>\n<p>#IglesiaDeMonterrey<\/p>\n","protected":false},"excerpt":{"rendered":"<p>Por: Juan Pablo V\u00e1zquez Rodr\u00edguez Monterrey, N.L. (www.pastoralsiglo21.org).- 7 de abril del 2022 Durante la reuni\u00f3n del d\u00eda de ayer, del Arzobispo de Monterrey &#8211; Mons.<span class=\"excerpt-hellip\"> [\u2026]<\/span><\/p>\n","protected":false},"author":1,"featured_media":15541,"comment_status":"closed","ping_status":"closed","sticky":false,"template":"","format":"standard","meta":[],"categories":[7,14],"tags":[],"_links":{"self":[{"href":"https:\/\/www.arquidiocesismty.org\/arquimty\/wp-json\/wp\/v2\/posts\/15539"}],"collection":[{"href":"https:\/\/www.arquidiocesismty.org\/arquimty\/wp-json\/wp\/v2\/posts"}],"about":[{"href":"https:\/\/www.arquidiocesismty.org\/arquimty\/wp-json\/wp\/v2\/types\/post"}],"author":[{"embeddable":true,"href":"https:\/\/www.arquidiocesismty.org\/arquimty\/wp-json\/wp\/v2\/users\/1"}],"replies":[{"embeddable":true,"href":"https:\/\/www.arquidiocesismty.org\/arquimty\/wp-json\/wp\/v2\/comments?post=15539"}],"version-history":[{"count":1,"href":"https:\/\/www.arquidiocesismty.org\/arquimty\/wp-json\/wp\/v2\/posts\/15539\/revisions"}],"predecessor-version":[{"id":15540,"href":"https:\/\/www.arquidiocesismty.org\/arquimty\/wp-json\/wp\/v2\/posts\/15539\/revisions\/15540"}],"wp:featuredmedia":[{"embeddable":true,"href":"https:\/\/www.arquidiocesismty.org\/arquimty\/wp-json\/wp\/v2\/media\/15541"}],"wp:attachment":[{"href":"https:\/\/www.arquidiocesismty.org\/arquimty\/wp-json\/wp\/v2\/media?parent=15539"}],"wp:term":[{"taxonomy":"category","embeddable":true,"href":"https:\/\/www.arquidiocesismty.org\/arquimty\/wp-json\/wp\/v2\/categories?post=15539"},{"taxonomy":"post_tag","embeddable":true,"href":"https:\/\/www.arquidiocesismty.org\/arquimty\/wp-json\/wp\/v2\/tags?post=15539"}],"curies":[{"name":"wp","href":"https:\/\/api.w.org\/{rel}","templated":true}]}}