{"id":15536,"date":"2022-04-08T07:00:18","date_gmt":"2022-04-08T07:00:18","guid":{"rendered":"https:\/\/www.arquidiocesismty.org\/arquimty\/?p=15536"},"modified":"2022-04-07T23:50:01","modified_gmt":"2022-04-08T04:50:01","slug":"inauguran-nueva-sede-de-fundacion-el-roble-a-c","status":"publish","type":"post","link":"https:\/\/www.arquidiocesismty.org\/arquimty\/inauguran-nueva-sede-de-fundacion-el-roble-a-c\/","title":{"rendered":"INAUGURAN NUEVA SEDE DE FUNDACI\u00d3N EL ROBLE A.C."},"content":{"rendered":"<p><em>Por: Juan Pablo V\u00e1zquez Rodr\u00edguez<\/em><br \/>\n<em>Monterrey, N.L. (www.pastoralsiglo21.org).- 7 de abril del 2022<\/em><\/p>\n<p>La tarde de este jueves, se llev\u00f3 a cabo la inauguraci\u00f3n de la nueva sede de la fundaci\u00f3n de escucha El Roble A.C. en la colonia Obispado en Monterrey.<\/p>\n<p><strong>Mons. Rogelio Cabrera L\u00f3pez, asisti\u00f3 a este evento para brindar su bendici\u00f3n y hacer el tradicional corte de list\u00f3n para dar por inaugurada la nueva sede de esta instituci\u00f3n.<\/strong><\/p>\n<p><strong>La fundaci\u00f3n el Roble es ahora una asociaci\u00f3n civil que se desprende de la Comisio\u0301n Diocesana para la Tutela de Menores y de Adultos Vulnerables de la Arquidi\u00f3cesis de Monterrey, la cual tiene como prop\u00f3sito formar una sociedad ma\u0301s sana y segura, brindando acompan\u0303amiento psicolo\u0301gico y ofreciendo apoyo espiritual a menores y adultos vulnerables sobrevivientes de abuso sexual, asi\u0301 como educar en su prevencio\u0301n en ambientes eclesiales y civiles.<\/strong><\/p>\n<p>Durante el evento y antes de brindar la bendici\u00f3n a las nuevas instalaciones de la fundaci\u00f3n el Roble, el Arzobispo de Monterrey comparti\u00f3 un mensaje:<\/p>\n<blockquote><p><strong>\u201cFundaci\u00f3n el Roble, quiere responder a una necesidad, el atender una necesidad va hilvanando otras realidades y m\u00e1s necesidades, pero lo hacemos siempre con mucha alegr\u00eda, porque el servicio siempre tiene que ser alegre, un rostro alegre es siempre una buena terapia\u201d.<\/strong><\/p><\/blockquote>\n<p>\u201cEn esta fundaci\u00f3n lo que lo distingue es el ambiente de alegr\u00eda, alegr\u00eda que no significa no calar en lo profundo de los problemas, sino entender que solo con alegr\u00eda, con esperanza siempre se puede salir adelante\u201d.<\/p>\n<p>\u201cEsta casa es un oasis de esperanza y as\u00ed queremos que sea y siga siendo, respondiendo as\u00ed a nuestro Se\u00f1or Jesucristo tratando un poco de imitarlo sabiendo que nunca podemos igualar pero si podemos imitar\u201d se\u00f1al\u00f3 Don Rogelio.<\/p>\n<p>A su vez agradeci\u00f3 a todo el equipo que colabora en bien de esta obra y red de apoyo, que con su profesi\u00f3n, compromiso y alegr\u00eda comparten esperanza y alivio a quienes lo necesitan, \u201cEstamos llamados a aliviar es decir a hacer m\u00e1s ligera la vida\u201d agreg\u00f3 el se\u00f1or Arzobispo.<\/p>\n<p><strong>La Mtra. Mar\u00eda Jos\u00e9 Almela, Directora General de la Fundaci\u00f3n el Roble, comparti\u00f3 un emotivo mensaje de agradecimiento para todos los que han aportado y colaborado en esta causa, y de manera especial dio gracias a su equipo, el cual lo conforman 11 psicoterapeutas, el Pbro. Dr. Pedro Pablo encargado de la atenci\u00f3n jur\u00eddica, y una perrita llamada Roble, quien fue entrenada para dar apoyo emocional.<\/strong><\/p>\n<p>Actualmente, la fundaci\u00f3n El Roble cuenta con profesionales de psicolog\u00eda cl\u00ednica para brindar atenci\u00f3n terap\u00e9utica, de forma r\u00e1pida y efectiva, adem\u00e1s de impartir talleres, diplomados y jornadas acad\u00e9micas para la prevenci\u00f3n de cualquier tipo de maltrato, especialmente el abuso sexual, gracias a esto atienden en promedio 250 sesiones mensualmente para pacientes que van de los 2 hasta los 60 a\u00f1os y ofrecen adem\u00e1s, asesoramiento y acompa\u00f1amiento inicial por parte de abogados para el proceso de la denuncia ante las autoridades correspondientes.<\/p>\n<p>#IglesiaDeMonterrey<\/p>\n","protected":false},"excerpt":{"rendered":"<p>Por: Juan Pablo V\u00e1zquez Rodr\u00edguez Monterrey, N.L. (www.pastoralsiglo21.org).- 7 de abril del 2022 La tarde de este jueves, se llev\u00f3 a cabo la inauguraci\u00f3n de la<span class=\"excerpt-hellip\"> [\u2026]<\/span><\/p>\n","protected":false},"author":1,"featured_media":15538,"comment_status":"closed","ping_status":"closed","sticky":false,"template":"","format":"standard","meta":[],"categories":[7,14],"tags":[],"_links":{"self":[{"href":"https:\/\/www.arquidiocesismty.org\/arquimty\/wp-json\/wp\/v2\/posts\/15536"}],"collection":[{"href":"https:\/\/www.arquidiocesismty.org\/arquimty\/wp-json\/wp\/v2\/posts"}],"about":[{"href":"https:\/\/www.arquidiocesismty.org\/arquimty\/wp-json\/wp\/v2\/types\/post"}],"author":[{"embeddable":true,"href":"https:\/\/www.arquidiocesismty.org\/arquimty\/wp-json\/wp\/v2\/users\/1"}],"replies":[{"embeddable":true,"href":"https:\/\/www.arquidiocesismty.org\/arquimty\/wp-json\/wp\/v2\/comments?post=15536"}],"version-history":[{"count":1,"href":"https:\/\/www.arquidiocesismty.org\/arquimty\/wp-json\/wp\/v2\/posts\/15536\/revisions"}],"predecessor-version":[{"id":15537,"href":"https:\/\/www.arquidiocesismty.org\/arquimty\/wp-json\/wp\/v2\/posts\/15536\/revisions\/15537"}],"wp:featuredmedia":[{"embeddable":true,"href":"https:\/\/www.arquidiocesismty.org\/arquimty\/wp-json\/wp\/v2\/media\/15538"}],"wp:attachment":[{"href":"https:\/\/www.arquidiocesismty.org\/arquimty\/wp-json\/wp\/v2\/media?parent=15536"}],"wp:term":[{"taxonomy":"category","embeddable":true,"href":"https:\/\/www.arquidiocesismty.org\/arquimty\/wp-json\/wp\/v2\/categories?post=15536"},{"taxonomy":"post_tag","embeddable":true,"href":"https:\/\/www.arquidiocesismty.org\/arquimty\/wp-json\/wp\/v2\/tags?post=15536"}],"curies":[{"name":"wp","href":"https:\/\/api.w.org\/{rel}","templated":true}]}}