{"id":15533,"date":"2022-04-05T20:00:34","date_gmt":"2022-04-05T20:00:34","guid":{"rendered":"https:\/\/www.arquidiocesismty.org\/arquimty\/?p=15533"},"modified":"2022-04-06T09:31:54","modified_gmt":"2022-04-06T14:31:54","slug":"se-lleva-a-cabo-encuentro-del-arzobispo-de-monterrey-con-politicos-de-nuevo-leon","status":"publish","type":"post","link":"https:\/\/www.arquidiocesismty.org\/arquimty\/se-lleva-a-cabo-encuentro-del-arzobispo-de-monterrey-con-politicos-de-nuevo-leon\/","title":{"rendered":"SE LLEVA A CABO ENCUENTRO DEL ARZOBISPO DE MONTERREY CON POL\u00cdTICOS DE NUEVO LE\u00d3N"},"content":{"rendered":"<p><em>Por: Juan Pablo V\u00e1zquez Rodr\u00edguez<\/em><br \/>\n<em>Monterrey, N.L. (www.pastoralsiglo21.org).- 6 de abril del 2022<\/em><\/p>\n<p><strong>El Arzobispo de Monterrey, Mons. Rogelio Cabrera L\u00f3pez, convoc\u00f3 a los pol\u00edticos de Nuevo Le\u00f3n a una reuni\u00f3n en la Curia Arquidiocesana, para darles a conocer y hacerlos part\u00edcipes del S\u00ednodo que ha convocado el Papa Francisco.<\/strong><\/p>\n<p>El padre Francisco G\u00f3mez Hinojosa, Vicario General de la Arquidi\u00f3cesis, fue el encargado de dar la bienvenida a los participantes, entre los que se encontraban alcaldes, diputados, exgobernadores, miembros de los diversos partidos pol\u00edticos.<\/p>\n<p>Posteriormente, Mons. Cabrera explic\u00f3 el motivo de la invitaci\u00f3n al encuentro y comparti\u00f3 sobre el proceso de s\u00ednodalidad que est\u00e1 viviendo la Iglesia.<\/p>\n<p>\u201cEl tener un encuentro con ustedes es siempre importante para m\u00ed, me interesa hablar con ustedes sobre el s\u00ednodo que ha convocado el Papa Francisco. Una palabra que forma parte del lenguaje de las iglesias no solamente de la Iglesia cat\u00f3lica, se usa sobre todo para tomar decisiones, en una decisi\u00f3n hay 3 momentos: escucha discusi\u00f3n y acuerdo, en ese orden escuchar, dialogar, discutir y acordar, el punto \u00faltimo es el m\u00e1s complicado pero todo S\u00ednodo tiene esos tres momentos escuchar o escucharse, dialogar y tomar decisiones o mejor dicho tomar acuerdos. Me gusta mucho la palabra acuerdo porque tiene su origen en la palabra cuerda y a su vez tiene su origen en la palabra coraz\u00f3n, acordar, enlazar corazones, ese es el acuerdo, si el acuerdo no implica la parte operativa y la parte afectiva, tarde o temprano se disuelve el acuerdo\u201d.<\/p>\n<p>\u201cLe preguntaron al Papa VI, all\u00e1 en el a\u00f1o de 1966 que significaba eso de comuni\u00f3n eclesial y dijo \u00e9l, la comuni\u00f3n tiene dos dimensiones la afectiva y la efectiva, si no se dan las dos hay ruptura, y lo m\u00e1s serio que, tarde o temprano no hay efectividad. Para que un acuerdo se lleve a cabo requiere esa plataforma de la parte afectiva, alguien podr\u00eda decir que en el ambiente de la pol\u00edtica este no tiene nada que ver, pero si ustedes escarban ver\u00e1n que es important\u00edsimo el afecto pol\u00edtico, para que haya efecto pol\u00edtico\u201d.<\/p>\n<p><strong>\u201cEl S\u00ednodo, tiene este recorrido la escucha emp\u00e1tica, cuando alguien no te cae bien no lo escuchas, est\u00e1s pensando qu\u00e9 vas a decir t\u00fa y probablemente no comprendas lo que te dice, despu\u00e9s viene el di\u00e1logo sincero, el dialogo simp\u00e1tico, es decir donde se enlazan las personas, dialogo es cruce o enlace de palabras, de all\u00ed vendr\u00e1 el posible acuerdo\u201d.<\/strong><\/p>\n<p>Acto seguido al mensaje del se\u00f1or Arzobispo, los pol\u00edticos participantes, trabajaron en cinco grupos de 10 personas, en los que se les pidi\u00f3 compartir su visi\u00f3n sobre la Iglesia de Monterrey.<\/p>\n<p>Finalmente, se llev\u00f3 a cabo el cierre, donde algunos de los presentes agradecieron la experiencia y manifestaron el deseo de seguir compartiendo en un futuro m\u00e1s espacios como este.<\/p>\n<p>A los pol\u00edticos participantes se les enviar\u00e1 los resultados de este proceso de escucha, mismos que ser\u00e1n valorados y tomados en cuenta por la Iglesia de Monterrey.<\/p>\n<p><strong>Este proceso de escucha ya ha avanzado al interior de las estructuras de la Arquidi\u00f3cesis (parroquias, movimientos, pastorales, etc.). M\u00e1s adelante se llevar\u00e1n encuentros como este, con otros sectores de la sociedad: empresarios, comunicadores, acad\u00e9micos.<\/strong><\/p>\n","protected":false},"excerpt":{"rendered":"<p>Por: Juan Pablo V\u00e1zquez Rodr\u00edguez Monterrey, N.L. (www.pastoralsiglo21.org).- 6 de abril del 2022 El Arzobispo de Monterrey, Mons. Rogelio Cabrera L\u00f3pez, convoc\u00f3 a los pol\u00edticos de<span class=\"excerpt-hellip\"> [\u2026]<\/span><\/p>\n","protected":false},"author":1,"featured_media":15535,"comment_status":"closed","ping_status":"closed","sticky":false,"template":"","format":"standard","meta":[],"categories":[7,14],"tags":[],"_links":{"self":[{"href":"https:\/\/www.arquidiocesismty.org\/arquimty\/wp-json\/wp\/v2\/posts\/15533"}],"collection":[{"href":"https:\/\/www.arquidiocesismty.org\/arquimty\/wp-json\/wp\/v2\/posts"}],"about":[{"href":"https:\/\/www.arquidiocesismty.org\/arquimty\/wp-json\/wp\/v2\/types\/post"}],"author":[{"embeddable":true,"href":"https:\/\/www.arquidiocesismty.org\/arquimty\/wp-json\/wp\/v2\/users\/1"}],"replies":[{"embeddable":true,"href":"https:\/\/www.arquidiocesismty.org\/arquimty\/wp-json\/wp\/v2\/comments?post=15533"}],"version-history":[{"count":1,"href":"https:\/\/www.arquidiocesismty.org\/arquimty\/wp-json\/wp\/v2\/posts\/15533\/revisions"}],"predecessor-version":[{"id":15534,"href":"https:\/\/www.arquidiocesismty.org\/arquimty\/wp-json\/wp\/v2\/posts\/15533\/revisions\/15534"}],"wp:featuredmedia":[{"embeddable":true,"href":"https:\/\/www.arquidiocesismty.org\/arquimty\/wp-json\/wp\/v2\/media\/15535"}],"wp:attachment":[{"href":"https:\/\/www.arquidiocesismty.org\/arquimty\/wp-json\/wp\/v2\/media?parent=15533"}],"wp:term":[{"taxonomy":"category","embeddable":true,"href":"https:\/\/www.arquidiocesismty.org\/arquimty\/wp-json\/wp\/v2\/categories?post=15533"},{"taxonomy":"post_tag","embeddable":true,"href":"https:\/\/www.arquidiocesismty.org\/arquimty\/wp-json\/wp\/v2\/tags?post=15533"}],"curies":[{"name":"wp","href":"https:\/\/api.w.org\/{rel}","templated":true}]}}