{"id":15530,"date":"2022-04-04T16:00:39","date_gmt":"2022-04-04T16:00:39","guid":{"rendered":"https:\/\/www.arquidiocesismty.org\/arquimty\/?p=15530"},"modified":"2022-04-04T16:00:42","modified_gmt":"2022-04-04T21:00:42","slug":"padre-oscar-lomelin-primer-rector-de-mision-parroquial-san-pedro-y-san-pablo-en-salinas-victoria","status":"publish","type":"post","link":"https:\/\/www.arquidiocesismty.org\/arquimty\/padre-oscar-lomelin-primer-rector-de-mision-parroquial-san-pedro-y-san-pablo-en-salinas-victoria\/","title":{"rendered":"PADRE \u00d3SCAR LOMEL\u00cdN PRIMER RECTOR DE MISI\u00d3N PARROQUIAL SAN PEDRO Y SAN PABLO EN SALINAS VICTORIA"},"content":{"rendered":"<p><em>Por: Debany Vald\u00e9s<\/em><br \/>\n<em>Monterrey, N.L. (www.pastoralsiglo21.org).- 4 de abril del 2022<\/em><\/p>\n<p><strong>La tarde de este domingo 3 de abril, el Pbro. \u00d3scar Lomel\u00edn Blanco inici\u00f3 su ministerio como primer Rector de la Misi\u00f3n Parroquial San Pedro y San Pablo en Salinas Victoria.<\/strong><\/p>\n<p>La santa misa fue presidida por<strong> Mons. Rogelio Cabrera L\u00f3pez, Arzobispo de Monterrey<\/strong>, quien tuvo a bien, erigir esta misi\u00f3n parroquial y brindar esta nueva encomienda al Padre Lomel\u00edn, despu\u00e9s de estar al frente de la Pastoral Familiar por 12 a\u00f1os consecutivos.<\/p>\n<p><strong>\u201cEl que ama es porque va en camino de santidad; que Dios bendiga esta comunidad, y estaremos muy cerca del padre \u00d3scar no lo dejaremos solo como Iglesia diocesana, para que todo esto camine, y aunque mis ojos no vean el final grandioso de esta parroquia estoy seguro que alg\u00fan d\u00eda, puede ser pronto puede ser despu\u00e9s, tendremos una Iglesia, un tiempo material para que se congreguen y vivan con alegr\u00eda el Evangelio\u201d<\/strong> se\u00f1al\u00f3 Don Rogelio.<\/p>\n<p>Mons. Alfonso Miranda y Mons. Juan Carlos Arcq, Obispos Auxiliares de nuestra arquidi\u00f3cesis tambi\u00e9n estuvieron presentes en esta celebraci\u00f3n, junto a sacerdotes del presbiterio de Monterrey.<\/p>\n<p><strong>En su primer mensaje, el nuevo rector agradeci\u00f3 a todos los presentes su acompa\u00f1amiento, amistad, apoyo y oraci\u00f3n, y se\u00f1al\u00f3 la importancia de los dos santos patronos de su comunidad:<\/strong><\/p>\n<p>\u201cEsta misi\u00f3n parroquial, San Pedro y San Pablo es ante todo una misi\u00f3n de evangelizaci\u00f3n \u2026 de predicaci\u00f3n de la Palabra de Dios que nos ha de congregar, iluminar, consolar, fortalecer y guiar\u201d.<\/p>\n<p>\u201cPido a todos los presentes su oraci\u00f3n y su ayuda para que yo sea menos una piedra de tropiezo con mis debilidades, y m\u00e1s una alegre constructor de la comunidad junto con todos, sobre la roca firme que es Jes\u00fas, en comuni\u00f3n con Pedro, es decir con el Papa y con nuestro Arzobispo\u201d.<\/p>\n<p><strong>\u201cTodo lo vivido antes de hoy lo dejo atr\u00e1s con memoria agradecida, lo que sigue a partir de hoy, lo encomiendo a la Divina Providencia por intercesi\u00f3n de los Santos ap\u00f3stoles Pedro y Pablo y de nuestra Madre Sant\u00edsima la Virgen Mar\u00eda quien aqu\u00ed y ahora, c\u00f3mo hace m\u00e1s de 500 a\u00f1os, nos sigue diciendo \u00abmucho deseo que aqu\u00ed se levante mi casita sagrada\u00bb<\/strong> finaliz\u00f3 el Padre Lomel\u00edn.<\/p>\n<p>En la b\u00fasqueda de ser una Iglesia en misi\u00f3n permanente, Mons. Rogelio ha erigido la Misi\u00f3n Parroquial San Pedro y San Pablo en Salinas Victoria, la cual ser\u00e1 partir del decanato de Salinas Victoria en la Zona Pastoral XII y estar\u00e1 conformada por los fieles de las siguientes colonias:<\/p>\n<p>&#8211; Valle del norte<br \/>\n&#8211; Fuentes de castilla 2do sector<br \/>\n&#8211; Valle del norte Sector montan\u0303a<br \/>\n&#8211; Fraccionamiento Punta castilla<br \/>\n&#8211; Bosque de los nogales<br \/>\n&#8211; Fuentes de castilla<br \/>\n&#8211; Zapatita.<br \/>\n&#8211; Joyas de castilla<br \/>\n&#8211; Valle de castilla<br \/>\n&#8211; Fraccionamiento Paseo Santa Isabel<\/p>\n<p>Que Dios bendiga esta nueva comunidad, al Padre \u00d3scar y a todos los que la conformen.<\/p>\n","protected":false},"excerpt":{"rendered":"<p>Por: Debany Vald\u00e9s Monterrey, N.L. (www.pastoralsiglo21.org).- 4 de abril del 2022 La tarde de este domingo 3 de abril, el Pbro. \u00d3scar Lomel\u00edn Blanco inici\u00f3 su<span class=\"excerpt-hellip\"> [\u2026]<\/span><\/p>\n","protected":false},"author":1,"featured_media":15532,"comment_status":"closed","ping_status":"closed","sticky":false,"template":"","format":"standard","meta":[],"categories":[7,14],"tags":[],"_links":{"self":[{"href":"https:\/\/www.arquidiocesismty.org\/arquimty\/wp-json\/wp\/v2\/posts\/15530"}],"collection":[{"href":"https:\/\/www.arquidiocesismty.org\/arquimty\/wp-json\/wp\/v2\/posts"}],"about":[{"href":"https:\/\/www.arquidiocesismty.org\/arquimty\/wp-json\/wp\/v2\/types\/post"}],"author":[{"embeddable":true,"href":"https:\/\/www.arquidiocesismty.org\/arquimty\/wp-json\/wp\/v2\/users\/1"}],"replies":[{"embeddable":true,"href":"https:\/\/www.arquidiocesismty.org\/arquimty\/wp-json\/wp\/v2\/comments?post=15530"}],"version-history":[{"count":1,"href":"https:\/\/www.arquidiocesismty.org\/arquimty\/wp-json\/wp\/v2\/posts\/15530\/revisions"}],"predecessor-version":[{"id":15531,"href":"https:\/\/www.arquidiocesismty.org\/arquimty\/wp-json\/wp\/v2\/posts\/15530\/revisions\/15531"}],"wp:featuredmedia":[{"embeddable":true,"href":"https:\/\/www.arquidiocesismty.org\/arquimty\/wp-json\/wp\/v2\/media\/15532"}],"wp:attachment":[{"href":"https:\/\/www.arquidiocesismty.org\/arquimty\/wp-json\/wp\/v2\/media?parent=15530"}],"wp:term":[{"taxonomy":"category","embeddable":true,"href":"https:\/\/www.arquidiocesismty.org\/arquimty\/wp-json\/wp\/v2\/categories?post=15530"},{"taxonomy":"post_tag","embeddable":true,"href":"https:\/\/www.arquidiocesismty.org\/arquimty\/wp-json\/wp\/v2\/tags?post=15530"}],"curies":[{"name":"wp","href":"https:\/\/api.w.org\/{rel}","templated":true}]}}