{"id":15527,"date":"2022-04-03T14:00:39","date_gmt":"2022-04-03T14:00:39","guid":{"rendered":"https:\/\/www.arquidiocesismty.org\/arquimty\/?p=15527"},"modified":"2022-04-04T12:20:47","modified_gmt":"2022-04-04T17:20:47","slug":"el-agua-es-para-todos","status":"publish","type":"post","link":"https:\/\/www.arquidiocesismty.org\/arquimty\/el-agua-es-para-todos\/","title":{"rendered":"\u201cEL AGUA ES PARA TODOS\u201d"},"content":{"rendered":"<p><em>Por: Juan Pablo V\u00e1zquez Rodr\u00edguez<\/em><br \/>\n<em>Monterrey, N.L. (www.pastoralsiglo21.org).- 3 de abril del 2022<\/em><\/p>\n<p>En torno a la crisis de agua que vive el Estado de Nuevo Le\u00f3n, el Arzobispo de Monterrey, reiter\u00f3 su llamado a ahorrar el vital l\u00edquido e invit\u00f3 a las autoridades a distribuirla equitativamente.<\/p>\n<p><strong>\u201cEl tema del agua; el agua es para todos y en la sequ\u00eda, m\u00e1s all\u00e1 de las discusiones que puede haber entre nosotros, lo importante es que haya una soluci\u00f3n favorable para todos en orden a las necesidades; primero, el agua para todos, que a ninguna persona le falte este l\u00edquido para vivir; pero tambi\u00e9n el agua que se necesita para las empresas; si hubiera alg\u00fan contrato equivocado, alg\u00fan abuso de una persona, es tiempo de poner todo en orden\u201d.<\/strong><\/p>\n<p>\u201cGracias a Dios podemos salir adelante, pero es necesario ahorra el agua, cuidarla y tambi\u00e9n que las autoridades la distribuyan equitativamente en orden a las necesidades. Primero el consumo humano, luego el consumo social y desde luego el consumo para la producci\u00f3n\u201d.<\/p>\n<p>Finalmente en este tema, se\u00f1alo: \u201cQue Dios nos bendiga, y necesitamos la oraci\u00f3n de todos para resolver estos problemas de urgente necesidad como es el tema del agua\u201d.<\/p>\n<p>#IglesiaDeMonterrey<\/p>\n","protected":false},"excerpt":{"rendered":"<p>Por: Juan Pablo V\u00e1zquez Rodr\u00edguez Monterrey, N.L. (www.pastoralsiglo21.org).- 3 de abril del 2022 En torno a la crisis de agua que vive el Estado de Nuevo<span class=\"excerpt-hellip\"> [\u2026]<\/span><\/p>\n","protected":false},"author":1,"featured_media":15529,"comment_status":"closed","ping_status":"closed","sticky":false,"template":"","format":"standard","meta":[],"categories":[7,14],"tags":[],"_links":{"self":[{"href":"https:\/\/www.arquidiocesismty.org\/arquimty\/wp-json\/wp\/v2\/posts\/15527"}],"collection":[{"href":"https:\/\/www.arquidiocesismty.org\/arquimty\/wp-json\/wp\/v2\/posts"}],"about":[{"href":"https:\/\/www.arquidiocesismty.org\/arquimty\/wp-json\/wp\/v2\/types\/post"}],"author":[{"embeddable":true,"href":"https:\/\/www.arquidiocesismty.org\/arquimty\/wp-json\/wp\/v2\/users\/1"}],"replies":[{"embeddable":true,"href":"https:\/\/www.arquidiocesismty.org\/arquimty\/wp-json\/wp\/v2\/comments?post=15527"}],"version-history":[{"count":1,"href":"https:\/\/www.arquidiocesismty.org\/arquimty\/wp-json\/wp\/v2\/posts\/15527\/revisions"}],"predecessor-version":[{"id":15528,"href":"https:\/\/www.arquidiocesismty.org\/arquimty\/wp-json\/wp\/v2\/posts\/15527\/revisions\/15528"}],"wp:featuredmedia":[{"embeddable":true,"href":"https:\/\/www.arquidiocesismty.org\/arquimty\/wp-json\/wp\/v2\/media\/15529"}],"wp:attachment":[{"href":"https:\/\/www.arquidiocesismty.org\/arquimty\/wp-json\/wp\/v2\/media?parent=15527"}],"wp:term":[{"taxonomy":"category","embeddable":true,"href":"https:\/\/www.arquidiocesismty.org\/arquimty\/wp-json\/wp\/v2\/categories?post=15527"},{"taxonomy":"post_tag","embeddable":true,"href":"https:\/\/www.arquidiocesismty.org\/arquimty\/wp-json\/wp\/v2\/tags?post=15527"}],"curies":[{"name":"wp","href":"https:\/\/api.w.org\/{rel}","templated":true}]}}