{"id":15524,"date":"2022-04-03T10:00:30","date_gmt":"2022-04-03T10:00:30","guid":{"rendered":"https:\/\/www.arquidiocesismty.org\/arquimty\/?p=15524"},"modified":"2022-04-04T12:05:30","modified_gmt":"2022-04-04T17:05:30","slug":"invita-arzobispo-de-monterrey-a-decidir-en-libertad-y-conciencia-sobre-participacion-en-ejercicios-de-revocacion-de-mandato","status":"publish","type":"post","link":"https:\/\/www.arquidiocesismty.org\/arquimty\/invita-arzobispo-de-monterrey-a-decidir-en-libertad-y-conciencia-sobre-participacion-en-ejercicios-de-revocacion-de-mandato\/","title":{"rendered":"INVITA ARZOBISPO DE MONTERREY A DECIDIR EN LIBERTAD Y CONCIENCIA SOBRE PARTICIPACI\u00d3N EN EJERCICIOS DE REVOCACI\u00d3N DE MANDATO"},"content":{"rendered":"<p><em>Por: Juan Pablo V\u00e1zquez Rodr\u00edguez<\/em><br \/>\n<em>Monterrey, N.L. (www.pastoralsiglo21.org).- 3 de abril del 2022<\/em><\/p>\n<p>En torno al ejercicio de revocaci\u00f3n de mandato que se llevar\u00e1 a cabo en nuestro pa\u00eds, sobre la conclusi\u00f3n anticipada por el desempe\u00f1o de la persona titular de la Presidencia de la Rep\u00fablica, el Arzobispo de Monterrey, Mons. Rogelio Cabrera L\u00f3pez, invit\u00f3 a la comunidad a decidir sobre la participaci\u00f3n, despu\u00e9s de haber rezado, en libertad y de acuerdo a la conciencia personal.<\/p>\n<p><strong><em>\u201cComo Obispo que soy para todos, les invito a que lo vivamos con libertad, de acuerdo con nuestra consciencia y cada quien es libre de tomar su decisi\u00f3n; considero que es muy importante que cada uno despu\u00e9s de rezar, tome la decisi\u00f3n de ir o no ir a las urnas y votar de acuerdo a su consciencia\u201d.<\/em><\/strong><\/p>\n<p>Mons. Rogelio, invit\u00f3 a la comunidad a orar para que este proceso sea llevado a cabo de la mejor manera.<\/p>\n<p>\u201cTambi\u00e9n pedimos a Dios para que los resultados sean bien le\u00eddos y apreciados y que el \u00e1rbitro de este asunto, electoral de consulta, siga atento a todo lo que pase\u201d.<\/p>\n<p>\u201cPidamos a Dios tambi\u00e9n por el INE para que act\u00fae de acuerdo con lo que le manda la ley\u201d.<\/p>\n","protected":false},"excerpt":{"rendered":"<p>Por: Juan Pablo V\u00e1zquez Rodr\u00edguez Monterrey, N.L. (www.pastoralsiglo21.org).- 3 de abril del 2022 En torno al ejercicio de revocaci\u00f3n de mandato que se llevar\u00e1 a cabo<span class=\"excerpt-hellip\"> [\u2026]<\/span><\/p>\n","protected":false},"author":1,"featured_media":15526,"comment_status":"closed","ping_status":"closed","sticky":false,"template":"","format":"standard","meta":[],"categories":[7,14],"tags":[],"_links":{"self":[{"href":"https:\/\/www.arquidiocesismty.org\/arquimty\/wp-json\/wp\/v2\/posts\/15524"}],"collection":[{"href":"https:\/\/www.arquidiocesismty.org\/arquimty\/wp-json\/wp\/v2\/posts"}],"about":[{"href":"https:\/\/www.arquidiocesismty.org\/arquimty\/wp-json\/wp\/v2\/types\/post"}],"author":[{"embeddable":true,"href":"https:\/\/www.arquidiocesismty.org\/arquimty\/wp-json\/wp\/v2\/users\/1"}],"replies":[{"embeddable":true,"href":"https:\/\/www.arquidiocesismty.org\/arquimty\/wp-json\/wp\/v2\/comments?post=15524"}],"version-history":[{"count":1,"href":"https:\/\/www.arquidiocesismty.org\/arquimty\/wp-json\/wp\/v2\/posts\/15524\/revisions"}],"predecessor-version":[{"id":15525,"href":"https:\/\/www.arquidiocesismty.org\/arquimty\/wp-json\/wp\/v2\/posts\/15524\/revisions\/15525"}],"wp:featuredmedia":[{"embeddable":true,"href":"https:\/\/www.arquidiocesismty.org\/arquimty\/wp-json\/wp\/v2\/media\/15526"}],"wp:attachment":[{"href":"https:\/\/www.arquidiocesismty.org\/arquimty\/wp-json\/wp\/v2\/media?parent=15524"}],"wp:term":[{"taxonomy":"category","embeddable":true,"href":"https:\/\/www.arquidiocesismty.org\/arquimty\/wp-json\/wp\/v2\/categories?post=15524"},{"taxonomy":"post_tag","embeddable":true,"href":"https:\/\/www.arquidiocesismty.org\/arquimty\/wp-json\/wp\/v2\/tags?post=15524"}],"curies":[{"name":"wp","href":"https:\/\/api.w.org\/{rel}","templated":true}]}}