{"id":15514,"date":"2022-03-25T12:00:54","date_gmt":"2022-03-25T12:00:54","guid":{"rendered":"https:\/\/www.arquidiocesismty.org\/arquimty\/?p=15514"},"modified":"2022-03-25T16:17:05","modified_gmt":"2022-03-25T22:17:05","slug":"el-papa-consagra-rusia-y-ucrania-a-la-virgen-pidiendole-el-fin-de-la-guerra-insensata","status":"publish","type":"post","link":"https:\/\/www.arquidiocesismty.org\/arquimty\/el-papa-consagra-rusia-y-ucrania-a-la-virgen-pidiendole-el-fin-de-la-guerra-insensata\/","title":{"rendered":"EL PAPA CONSAGRA RUSIA Y UCRANIA A LA VIRGEN PIDI\u00c9NDOLE &#8220;EL FIN DE LA GUERRA INSENSATA&#8221;"},"content":{"rendered":"<p><em>Por: Juan Pablo V\u00e1zquez Rodr\u00edguez <\/em><br \/>\n<em>Monterrey, N.L. (www.pastoralsiglo21.org).- 25 de marzo del 2022<\/em><\/p>\n<p><strong>Haciendo alusi\u00f3n a las noticias e im\u00e1genes de muerte que nos llegan desde Ucrania en medio de la atroz guerra y las bombas que destruyen las vidas de tantas personas indefensas, el Pont\u00edfice reiter\u00f3 que ante estas &#8220;experiencias de miedo, impotencia y aflicci\u00f3n&#8221;, necesitamos escuchar que nos digan \u201cno temas\u201d.<\/strong><\/p>\n<p>&#8220;Pero las seguridades humanas no son suficientes -a\u00f1adi\u00f3 Francisco- resaltando que, en cambio, es necesaria la presencia de Dios, la certeza del perd\u00f3n divino, el \u00fanico que elimina el mal, desarma el rencor y devuelve la paz al coraz\u00f3n&#8221;.<\/p>\n<p>Para el Papa la situaci\u00f3n es clara:<strong> &#8220;Nosotros solos no logramos resolver las contradicciones de la historia, y ni siquiera las de nuestro coraz\u00f3n. Necesitamos la fuerza sabia y apacible de Dios, que es el Esp\u00edritu Santo. Necesitamos el Esp\u00edritu de amor que disuelve el odio, apaga el rencor, extingue la avidez y nos despierta de la indiferencia&#8221;.<\/strong><\/p>\n<p>Consagraci\u00f3n de Rusia y Ucrania al Coraz\u00f3n de Mar\u00eda, y\u00a0para que esto suceda Francisco expres\u00f3 su deseo de dejarnos guiar de la mano de la Virgen a quien consagr\u00f3 el futuro de los dos pa\u00edses enfrentados:<\/p>\n<p>\u201cEn uni\u00f3n con los obispos y los fieles del mundo, deseo solemnemente llevar al Coraz\u00f3n inmaculado de Mar\u00eda todo lo que estamos viviendo; renovar a Ella la consagraci\u00f3n de la Iglesia y de la humanidad entera y consagrarle, de modo particular, el pueblo ucraniano y el pueblo ruso, que con afecto filial la veneran como Madre\u201d.<\/p>\n<p>Antes de finalizar, el Papa indic\u00f3 que estas palabras <strong>&#8220;no son una f\u00f3rmula m\u00e1gica&#8221;, sino un acto espiritual ya que es el gesto &#8220;de la plena confianza de los hijos que, en la tribulaci\u00f3n de esta guerra cruel e insensata que amenaza al mundo, recurren a la Madre, depositando en su Coraz\u00f3n el miedo y el dolor, y entreg\u00e1ndose totalmente a Ella&#8221;.<\/strong><\/p>\n","protected":false},"excerpt":{"rendered":"<p>Por: Juan Pablo V\u00e1zquez Rodr\u00edguez Monterrey, N.L. (www.pastoralsiglo21.org).- 25 de marzo del 2022 Haciendo alusi\u00f3n a las noticias e im\u00e1genes de muerte que nos llegan desde<span class=\"excerpt-hellip\"> [\u2026]<\/span><\/p>\n","protected":false},"author":1,"featured_media":15516,"comment_status":"closed","ping_status":"closed","sticky":false,"template":"","format":"standard","meta":[],"categories":[112,14],"tags":[],"_links":{"self":[{"href":"https:\/\/www.arquidiocesismty.org\/arquimty\/wp-json\/wp\/v2\/posts\/15514"}],"collection":[{"href":"https:\/\/www.arquidiocesismty.org\/arquimty\/wp-json\/wp\/v2\/posts"}],"about":[{"href":"https:\/\/www.arquidiocesismty.org\/arquimty\/wp-json\/wp\/v2\/types\/post"}],"author":[{"embeddable":true,"href":"https:\/\/www.arquidiocesismty.org\/arquimty\/wp-json\/wp\/v2\/users\/1"}],"replies":[{"embeddable":true,"href":"https:\/\/www.arquidiocesismty.org\/arquimty\/wp-json\/wp\/v2\/comments?post=15514"}],"version-history":[{"count":1,"href":"https:\/\/www.arquidiocesismty.org\/arquimty\/wp-json\/wp\/v2\/posts\/15514\/revisions"}],"predecessor-version":[{"id":15515,"href":"https:\/\/www.arquidiocesismty.org\/arquimty\/wp-json\/wp\/v2\/posts\/15514\/revisions\/15515"}],"wp:featuredmedia":[{"embeddable":true,"href":"https:\/\/www.arquidiocesismty.org\/arquimty\/wp-json\/wp\/v2\/media\/15516"}],"wp:attachment":[{"href":"https:\/\/www.arquidiocesismty.org\/arquimty\/wp-json\/wp\/v2\/media?parent=15514"}],"wp:term":[{"taxonomy":"category","embeddable":true,"href":"https:\/\/www.arquidiocesismty.org\/arquimty\/wp-json\/wp\/v2\/categories?post=15514"},{"taxonomy":"post_tag","embeddable":true,"href":"https:\/\/www.arquidiocesismty.org\/arquimty\/wp-json\/wp\/v2\/tags?post=15514"}],"curies":[{"name":"wp","href":"https:\/\/api.w.org\/{rel}","templated":true}]}}