{"id":15511,"date":"2022-03-25T16:00:37","date_gmt":"2022-03-25T16:00:37","guid":{"rendered":"https:\/\/www.arquidiocesismty.org\/arquimty\/?p=15511"},"modified":"2022-03-25T15:59:36","modified_gmt":"2022-03-25T21:59:36","slug":"la-alegria-es-el-mejor-antidoto-para-la-guerra-arzobispo-de-monterrey","status":"publish","type":"post","link":"https:\/\/www.arquidiocesismty.org\/arquimty\/la-alegria-es-el-mejor-antidoto-para-la-guerra-arzobispo-de-monterrey\/","title":{"rendered":"&#8220;LA ALEGR\u00cdA ES EL MEJOR ANT\u00cdDOTO PARA LA GUERRA&#8221;.- ARZOBISPO DE MONTERREY"},"content":{"rendered":"<p><em>Por: Debany Vald\u00e9s<\/em><br \/>\n<em>Monterrey, N.L. (www.pastoralsiglo21.org).- 25 de marzo del 2022<\/em><\/p>\n<p><strong>En torno a la solemnidad de la Anunciaci\u00f3n del Se\u00f1or, el Arzobispo de Monterrey presidi\u00f3 una santa misa en la que consagr\u00f3 a Rusia y Ucrania al Inmaculado Coraz\u00f3n de Mar\u00eda desde la Bas\u00edlica de Guadalupe en la colonia Independencia.<\/strong><\/p>\n<p>\u201cNos unimos a toda la Iglesia, y de modo especial al Papa Francisco en este acto de consagraci\u00f3n al Coraz\u00f3n Inmaculado de Mar\u00eda por Rusia y Ucrania, abatidos en la guerra\u201d se\u00f1al\u00f3 Mons. Rogelio Cabrera al inicio de su mensaje al pueblo, en el cual comparti\u00f3 la importancia de llevar a cabo este suceso justo en la solemnidad de la Anunciaci\u00f3n a Mar\u00eda,, ella como claro ejemplo de la fe y la alegr\u00eda elementos significativos para conseguir la paz en el mundo:<\/p>\n<p><strong>\u201cAl\u00e9grate Mar\u00eda, al\u00e9grate Iglesia, al\u00e9grate humanidad, la alegr\u00eda es el mejor ant\u00eddoto para la guerra y el conflicto\u201d.<\/strong><\/p>\n<p>\u201cEn la medida que se pierde la fe aumenta la amargura y crecen los conflictos, donde no est\u00e1 Dios no hay esperanza, no hay futuro, no hay raz\u00f3n para amar\u201d.<\/p>\n<p>\u201c<strong>Vivimos un momento de emergencia y en una emergencia acudimos al \u00fanico que lo puede resolver, acudimos a Dios a trav\u00e9s de Mar\u00eda, de su coraz\u00f3n inmaculado, ella dijo \u00abh\u00e1gase en m\u00ed seg\u00fan tu Palabra\u00bb h\u00e1gase en mi seg\u00fan tu voluntad\u201d.<\/strong><\/p>\n<p>Asimismo Don Rogelio se\u00f1al\u00f3 : \u201cQue Dios nos bendiga, que purifiquemos nuestro coraz\u00f3n y nuestra mente y evitemos todo mal, todo conflicto y c\u00f3mo le dije que haya paz en nuestros hogares, en nuestras calles, en nuestras instituciones, donde quiera que estemos, que seamos todos constructores de la paz, y somos constructores de la paz en la medida en que ponemos a Dios en primer lugar. Si Dios es primero habr\u00e1 siempre un lugar para el ser humano, cuando no hay lugar para Dios no hay lugar para el ser humano\u201d.<\/p>\n<p><strong>Antes de finalizar la celebraci\u00f3n y delante de la Virgen, el Arzobispo junto a los fieles y algunos sacerdotes que estuvieron presentes en la celebraci\u00f3n, hicieron la oraci\u00f3n de consagraci\u00f3n a Santa Mar\u00eda, misma que hizo el d\u00eda de hoy el Sumo Pont\u00edfice desde la Bas\u00edlica de San Pedro, en Roma.<\/strong><\/p>\n<p><em>\u201cMadre de Dios y nuestra, nosotros solemnemente encomendamos y consagramos a tu Coraz\u00f3n inmaculado nuestras personas, la Iglesia y la humanidad entera, de manera especial Rusia y Ucrania. Acoge este acto nuestro que realizamos con confianza y amor, haz que cese la guerra, provee al mundo de paz\u201d<\/em> se le\u00eda en la oraci\u00f3n.<\/p>\n<p>Por ultimo, Don Rogelio agradeci\u00f3 la presencia de todos los fieles y sacerdotes que se unen a este gran acto de fraternidad por la humanidad, e invit\u00f3 a seguir orando por la paz.<\/p>\n","protected":false},"excerpt":{"rendered":"<p>Por: Debany Vald\u00e9s Monterrey, N.L. (www.pastoralsiglo21.org).- 25 de marzo del 2022 En torno a la solemnidad de la Anunciaci\u00f3n del Se\u00f1or, el Arzobispo de Monterrey presidi\u00f3<span class=\"excerpt-hellip\"> [\u2026]<\/span><\/p>\n","protected":false},"author":1,"featured_media":15513,"comment_status":"closed","ping_status":"closed","sticky":false,"template":"","format":"standard","meta":[],"categories":[7,14],"tags":[],"_links":{"self":[{"href":"https:\/\/www.arquidiocesismty.org\/arquimty\/wp-json\/wp\/v2\/posts\/15511"}],"collection":[{"href":"https:\/\/www.arquidiocesismty.org\/arquimty\/wp-json\/wp\/v2\/posts"}],"about":[{"href":"https:\/\/www.arquidiocesismty.org\/arquimty\/wp-json\/wp\/v2\/types\/post"}],"author":[{"embeddable":true,"href":"https:\/\/www.arquidiocesismty.org\/arquimty\/wp-json\/wp\/v2\/users\/1"}],"replies":[{"embeddable":true,"href":"https:\/\/www.arquidiocesismty.org\/arquimty\/wp-json\/wp\/v2\/comments?post=15511"}],"version-history":[{"count":1,"href":"https:\/\/www.arquidiocesismty.org\/arquimty\/wp-json\/wp\/v2\/posts\/15511\/revisions"}],"predecessor-version":[{"id":15512,"href":"https:\/\/www.arquidiocesismty.org\/arquimty\/wp-json\/wp\/v2\/posts\/15511\/revisions\/15512"}],"wp:featuredmedia":[{"embeddable":true,"href":"https:\/\/www.arquidiocesismty.org\/arquimty\/wp-json\/wp\/v2\/media\/15513"}],"wp:attachment":[{"href":"https:\/\/www.arquidiocesismty.org\/arquimty\/wp-json\/wp\/v2\/media?parent=15511"}],"wp:term":[{"taxonomy":"category","embeddable":true,"href":"https:\/\/www.arquidiocesismty.org\/arquimty\/wp-json\/wp\/v2\/categories?post=15511"},{"taxonomy":"post_tag","embeddable":true,"href":"https:\/\/www.arquidiocesismty.org\/arquimty\/wp-json\/wp\/v2\/tags?post=15511"}],"curies":[{"name":"wp","href":"https:\/\/api.w.org\/{rel}","templated":true}]}}