{"id":15508,"date":"2022-03-24T19:00:48","date_gmt":"2022-03-24T19:00:48","guid":{"rendered":"https:\/\/www.arquidiocesismty.org\/arquimty\/?p=15508"},"modified":"2022-03-24T19:01:49","modified_gmt":"2022-03-25T01:01:49","slug":"que-a-traves-de-esta-consagracion-a-la-virgen-maria-logren-la-paz-mons-miranda","status":"publish","type":"post","link":"https:\/\/www.arquidiocesismty.org\/arquimty\/que-a-traves-de-esta-consagracion-a-la-virgen-maria-logren-la-paz-mons-miranda\/","title":{"rendered":"\u201cQUE A TRAV\u00c9S DE ESTA CONSAGRACION A LA VIRGEN MAR\u00cdA LOGREN LA PAZ\u201d MONS. MIRANDA"},"content":{"rendered":"<p><em>Por: Debany Vald\u00e9s<\/em><br \/>\n<em>Monterrey, N.L. (www.pastoralsiglo21.org).- 24 de marzo del 2022<\/em><\/p>\n<p><strong>La tarde de hoy, Mons. Alfonso Miranda Obispo Auxiliar de Monterrey presidi\u00f3 una misa en la Catedral Metropolitana para consagrar a Rusia y Ucrania al Inmaculado Coraz\u00f3n de Mar\u00eda, cumpliendo con la invitaci\u00f3n hecha por el Papa Francisco.<\/strong><\/p>\n<p><strong>\u201cHoy hemos querido, en uni\u00f3n con Mons. Rogelio, que como compa\u00f1eros , hermanos que colaboramos aqu\u00ed en la Curia Arzobispal de Monterrey, los distintos departamentos diocesanos tambi\u00e9n nos uni\u00e9ramos \u2026 ya desde ahora para no permanecer ajenos a este sentimiento del Santo Padre, sentimiento universal\u201d se\u00f1al\u00f3 Mons. Miranda,<\/strong> antes de dar lectura a la carta que el Santo Padre envi\u00f3 a los Obispos en d\u00edas previos, cuando hizo la invitaci\u00f3n para llevar a cabo este acto de Consagraci\u00f3n:<\/p>\n<p>\u201cQuiere ser un gesto de la Iglesia universal, que en este momento dram\u00e1tico lleva a Dios, por mediaci\u00f3n de la Madre suya y nuestra, el grito de dolor de cuantos sufren e imploran el fin de la violencia, y conf\u00eda el futuro de la humanidad a la Reina de la Paz\u201d se le\u00eda en la carta escrita por el pont\u00edfice.<\/p>\n<p><strong>Posteriormente el Obispo Auxiliar dio voz a la oraci\u00f3n que la Santa Sede public\u00f3, con la cual se consagra al mundo entero, especialmente a Rusia y a Ucrania, al Coraz\u00f3n Inmaculado de la Virgen Mar\u00eda.<\/strong><\/p>\n<p>\u201cRep\u00edteselo otra vez a Dios, oh Madre, porque hoy hemos terminado el vino de la esperanza, se ha desvanecido la alegr\u00eda, se ha aguado la fraternidad. Hemos perdido la humanidad, hemos estropeado la paz. Nos hemos vuelto capaces de todo tipo de violencia y destrucci\u00f3n. Necesitamos urgentemente tu ayuda materna\u201d \u2026<\/p>\n<p>\u201cMujer del s\u00ed, sobre la que descendi\u00f3 el Esp\u00edritu Santo, vuelve a traernos la armon\u00eda de Dios. T\u00fa que eres \u201cfuente viva de esperanza\u201d, disipa la sequedad de nuestros corazones. T\u00fa que has tejido la humanidad de Jes\u00fas, haz de nosotros constructores de comuni\u00f3n. T\u00fa que has recorrido nuestros caminos, gu\u00edanos por sendas de paz. Am\u00e9n\u201d.<\/p>\n<p>Una vez que se elev\u00f3 esta plegaria, Mons. Miranda realiz\u00f3 una din\u00e1mica con los presentes, invit\u00e1ndolos a llevar una flor blanca que les fue entregada como signo de paz, a los pies de la Virgen de Guadalupe.<\/p>\n<p><strong>\u201cVamos a unir nuestros corazones por estos pueblos hermanos que necesitan nuestra oraci\u00f3n, la oraci\u00f3n de toda la humanidad, para que a trav\u00e9s de esta Consagraci\u00f3n a la Virgen Mar\u00eda logren la paz , haya reconciliaci\u00f3n, haya vida y no muerte y que sea un urgente llamado a todos nosotros en nuestras familias, grupos, en cualquier parte donde estemos para que jam\u00e1s nos cansemos, jam\u00e1s desfallezcamos de trabajar por la paz \u201d<\/strong> comparti\u00f3 Mons. Alfonso.<\/p>\n<p>El d\u00eda de ma\u00f1ana 25 de marzo, a las 12:00 del medio d\u00eda ,en la solemnidad de la Anunciaci\u00f3n del Se\u00f1or, se llevar\u00e1 a cabo esta consagraci\u00f3n en una misa presidida por el Arzobispo de Monterrey.<\/p>\n","protected":false},"excerpt":{"rendered":"<p>Por: Debany Vald\u00e9s Monterrey, N.L. (www.pastoralsiglo21.org).- 24 de marzo del 2022 La tarde de hoy, Mons. Alfonso Miranda Obispo Auxiliar de Monterrey presidi\u00f3 una misa en<span class=\"excerpt-hellip\"> [\u2026]<\/span><\/p>\n","protected":false},"author":1,"featured_media":15510,"comment_status":"closed","ping_status":"closed","sticky":false,"template":"","format":"standard","meta":[],"categories":[7,14],"tags":[],"_links":{"self":[{"href":"https:\/\/www.arquidiocesismty.org\/arquimty\/wp-json\/wp\/v2\/posts\/15508"}],"collection":[{"href":"https:\/\/www.arquidiocesismty.org\/arquimty\/wp-json\/wp\/v2\/posts"}],"about":[{"href":"https:\/\/www.arquidiocesismty.org\/arquimty\/wp-json\/wp\/v2\/types\/post"}],"author":[{"embeddable":true,"href":"https:\/\/www.arquidiocesismty.org\/arquimty\/wp-json\/wp\/v2\/users\/1"}],"replies":[{"embeddable":true,"href":"https:\/\/www.arquidiocesismty.org\/arquimty\/wp-json\/wp\/v2\/comments?post=15508"}],"version-history":[{"count":1,"href":"https:\/\/www.arquidiocesismty.org\/arquimty\/wp-json\/wp\/v2\/posts\/15508\/revisions"}],"predecessor-version":[{"id":15509,"href":"https:\/\/www.arquidiocesismty.org\/arquimty\/wp-json\/wp\/v2\/posts\/15508\/revisions\/15509"}],"wp:featuredmedia":[{"embeddable":true,"href":"https:\/\/www.arquidiocesismty.org\/arquimty\/wp-json\/wp\/v2\/media\/15510"}],"wp:attachment":[{"href":"https:\/\/www.arquidiocesismty.org\/arquimty\/wp-json\/wp\/v2\/media?parent=15508"}],"wp:term":[{"taxonomy":"category","embeddable":true,"href":"https:\/\/www.arquidiocesismty.org\/arquimty\/wp-json\/wp\/v2\/categories?post=15508"},{"taxonomy":"post_tag","embeddable":true,"href":"https:\/\/www.arquidiocesismty.org\/arquimty\/wp-json\/wp\/v2\/tags?post=15508"}],"curies":[{"name":"wp","href":"https:\/\/api.w.org\/{rel}","templated":true}]}}