{"id":15503,"date":"2022-03-24T12:10:05","date_gmt":"2022-03-24T12:10:05","guid":{"rendered":"https:\/\/www.arquidiocesismty.org\/arquimty\/?p=15503"},"modified":"2022-03-24T12:24:03","modified_gmt":"2022-03-24T18:24:03","slug":"mons-miranda-invita-a-grupos-y-movimientos-que-atienden-familias-a-nivel-diocesano-a-registrarse-en-directorio-nacional","status":"publish","type":"post","link":"https:\/\/www.arquidiocesismty.org\/arquimty\/mons-miranda-invita-a-grupos-y-movimientos-que-atienden-familias-a-nivel-diocesano-a-registrarse-en-directorio-nacional\/","title":{"rendered":"MONS. MIRANDA INVITA A GRUPOS Y MOVIMIENTOS QUE ATIENDEN FAMILIAS A NIVEL DIOCESANO A REGISTRARSE EN DIRECTORIO NACIONAL"},"content":{"rendered":"<p><em>Por: Juan Pablo V\u00e1zquez Rodr\u00edguez<\/em><br \/>\n<em>Monterrey, N.L. (www.pastoralsiglo21.org).- 24 de marzo del 2022<\/em><\/p>\n<p><strong>Mons. Alfonso Miranda Guardiola, Obispo Auxiliar de Monterrey y Responsable de la Dimensi\u00f3n Familia de la CEM, realiz\u00f3 una cordial invitaci\u00f3n a todos los grupos que atienden a las familias a nivel diocesano o nacional para tener un registro de todos ellos.<\/strong><\/p>\n<p><strong>\u201cSi participas en un grupo o movimiento que acompa\u00f1e a las familias a nivel diocesano o a nivel nacional, te invitamos a registrarlo en el directorio de la Dimensi\u00f3n Episcopal de la Pastoral Familiar de la Conferencia del Episcopado Mexicano\u201d<\/strong>, se\u00f1al\u00f3 Mons. Miranda en un video compartido en redes sociales.<\/p>\n<p>Mons. Alfonso Miranda comparti\u00f3 para Pastoral Siglo XXI, que<strong> la finalidad es tener informaci\u00f3n de todos los grupos y movimientos que sirven a las familias en diversas di\u00f3cesis del pa\u00eds.<\/strong><\/p>\n<p>En esta convocatoria no es necesario que se registren los grupos que solo atienden a la misma comunidad parroquial.<\/p>\n<p>Compartimos a continuaci\u00f3n el enlace donde se puede realizar el registro.<\/p>\n<p><a href=\"https:\/\/bit.ly\/3IpNPpu\"><strong>https:\/\/bit.ly\/3IpNPpu<\/strong><\/a><\/p>\n","protected":false},"excerpt":{"rendered":"<p>Por: Juan Pablo V\u00e1zquez Rodr\u00edguez Monterrey, N.L. (www.pastoralsiglo21.org).- 24 de marzo del 2022 Mons. Alfonso Miranda Guardiola, Obispo Auxiliar de Monterrey y Responsable de la Dimensi\u00f3n<span class=\"excerpt-hellip\"> [\u2026]<\/span><\/p>\n","protected":false},"author":1,"featured_media":15505,"comment_status":"closed","ping_status":"closed","sticky":false,"template":"","format":"standard","meta":[],"categories":[7,14],"tags":[],"_links":{"self":[{"href":"https:\/\/www.arquidiocesismty.org\/arquimty\/wp-json\/wp\/v2\/posts\/15503"}],"collection":[{"href":"https:\/\/www.arquidiocesismty.org\/arquimty\/wp-json\/wp\/v2\/posts"}],"about":[{"href":"https:\/\/www.arquidiocesismty.org\/arquimty\/wp-json\/wp\/v2\/types\/post"}],"author":[{"embeddable":true,"href":"https:\/\/www.arquidiocesismty.org\/arquimty\/wp-json\/wp\/v2\/users\/1"}],"replies":[{"embeddable":true,"href":"https:\/\/www.arquidiocesismty.org\/arquimty\/wp-json\/wp\/v2\/comments?post=15503"}],"version-history":[{"count":3,"href":"https:\/\/www.arquidiocesismty.org\/arquimty\/wp-json\/wp\/v2\/posts\/15503\/revisions"}],"predecessor-version":[{"id":15507,"href":"https:\/\/www.arquidiocesismty.org\/arquimty\/wp-json\/wp\/v2\/posts\/15503\/revisions\/15507"}],"wp:featuredmedia":[{"embeddable":true,"href":"https:\/\/www.arquidiocesismty.org\/arquimty\/wp-json\/wp\/v2\/media\/15505"}],"wp:attachment":[{"href":"https:\/\/www.arquidiocesismty.org\/arquimty\/wp-json\/wp\/v2\/media?parent=15503"}],"wp:term":[{"taxonomy":"category","embeddable":true,"href":"https:\/\/www.arquidiocesismty.org\/arquimty\/wp-json\/wp\/v2\/categories?post=15503"},{"taxonomy":"post_tag","embeddable":true,"href":"https:\/\/www.arquidiocesismty.org\/arquimty\/wp-json\/wp\/v2\/tags?post=15503"}],"curies":[{"name":"wp","href":"https:\/\/api.w.org\/{rel}","templated":true}]}}