{"id":15496,"date":"2022-03-23T12:40:27","date_gmt":"2022-03-23T12:40:27","guid":{"rendered":"https:\/\/www.arquidiocesismty.org\/arquimty\/?p=15496"},"modified":"2022-03-23T12:36:40","modified_gmt":"2022-03-23T18:36:40","slug":"padre-pedro-castillo-nuevo-administrador-parroquial-de-la-comunidad-ntra-senora-del-monte-carmelo-en-san-nicolas","status":"publish","type":"post","link":"https:\/\/www.arquidiocesismty.org\/arquimty\/padre-pedro-castillo-nuevo-administrador-parroquial-de-la-comunidad-ntra-senora-del-monte-carmelo-en-san-nicolas\/","title":{"rendered":"PADRE PEDRO CASTILLO NUEVO ADMINISTRADOR PARROQUIAL DE LA COMUNIDAD NTRA. SE\u00d1ORA DEL MONTE CARMELO EN SAN NICOL\u00c1S"},"content":{"rendered":"<p><em>Por: Juan Pablo V\u00e1zquez Rodr\u00edguez<\/em><br \/>\n<em>Monterrey, N.L. (www.pastoralsiglo21.org).- 23 de marzo del 2022<\/em><\/p>\n<p><strong>La tarde del martes 22 de marzo, el Pbro. Pedro Rodolfo Castillo Bernal inici\u00f3 su ministerio sacerdotal como Administrador Parroquial de la comunidad de Nuestra Se\u00f1ora del Monte Carmelo en San Nicol\u00e1s de los Garza.<\/strong><\/p>\n<p>La misa fue presidida por<strong> Mons. Heriberto Cavazos P\u00e9rez, Obispo Auxiliar de Monterrey<\/strong>, quien al inicio de su homil\u00eda agradeci\u00f3 al Padre Antonio Alan\u00eds, quien estuviera al frente de la parroquia Monte Carmelo \u201cpor hacer de esta casa, una casa alegre, digna y sagrada\u201d.<\/p>\n<p>Conforme al Evangelio, Mons. Heriberto invit\u00f3 al Padre Pedro, a perdonar hasta 70 veces 7, y brindar siempre una sonrisa y un saludo a todos, como Don Rogelio Cabrera lo ha mencionado.<\/p>\n<p><strong>\u201cQue esta comunidad encomendada a nuestra Madre del Carmen nos ayude a ser como su nombre indica, llevar el perfume de las flores de un jard\u00edn de flores llevando la esperanza a tantas personas que quieren ese aroma de Dios y del Esp\u00edritu Santo\u201d se\u00f1al\u00f3 el Obispo Auxiliar.<\/strong><\/p>\n<p>Antes de finalizar la celebraci\u00f3n <strong>el Padre To\u00f1o Alan\u00eds, explic\u00f3 su situaci\u00f3n de salud, la cual lo llev\u00f3 a solicitar su renuncia<\/strong> como p\u00e1rroco de la comunidad del Monte Carmelo, as\u00ed mismo, agradeci\u00f3 a todos los fieles de su comunidad quienes se convirtieron en su familia, y al nuevo administrador dijo:<strong> \u201cLe doy gracias al Padre Pedro por aceptar esta aventura tan hermosa con est\u00e1 gran familia\u201d.<\/strong><\/p>\n<p>Por su parte el padre Pedro Castillo, tambi\u00e9n agradeci\u00f3 la presencia de todos los que le acompa\u00f1an en su ministerio, su familia, amigos y fieles y salud\u00f3 con gran Alegr\u00eda y esperanza a su primer Comunidad a la que servir\u00e1 como pastor y administrador:<\/p>\n<p><strong>\u201cMe presento ante ustedes c\u00f3mo humilde servidor y de coraz\u00f3n quiero sumarme al trabajo pastoral que han realizado, quiero ser cercano a los grupos parroquiales, a sus familias reconociendo que a partir de hoy ya somos una sola familia, familia que camina con un solo ideal buscar la voluntad de Dios y alcanzar la Santidad. Comencemos entonces con gran \u00e1nimo, esta aventura de fe\u201d.<\/strong><\/p>\n<p>\u201cA partir de hoy, me encomiendo a nuestra Madre Sant\u00edsima del Monte Carmelo, ella como madre ser\u00e1 nuestra gu\u00eda y protectora en este camino de fe\u201d se\u00f1al\u00f3 el Padre Pedrito.<\/p>\n<p>#IglesiaDeMonterrey<\/p>\n","protected":false},"excerpt":{"rendered":"<p>Por: Juan Pablo V\u00e1zquez Rodr\u00edguez Monterrey, N.L. (www.pastoralsiglo21.org).- 23 de marzo del 2022 La tarde del martes 22 de marzo, el Pbro. Pedro Rodolfo Castillo Bernal<span class=\"excerpt-hellip\"> [\u2026]<\/span><\/p>\n","protected":false},"author":1,"featured_media":15498,"comment_status":"closed","ping_status":"closed","sticky":false,"template":"","format":"standard","meta":[],"categories":[7,14],"tags":[],"_links":{"self":[{"href":"https:\/\/www.arquidiocesismty.org\/arquimty\/wp-json\/wp\/v2\/posts\/15496"}],"collection":[{"href":"https:\/\/www.arquidiocesismty.org\/arquimty\/wp-json\/wp\/v2\/posts"}],"about":[{"href":"https:\/\/www.arquidiocesismty.org\/arquimty\/wp-json\/wp\/v2\/types\/post"}],"author":[{"embeddable":true,"href":"https:\/\/www.arquidiocesismty.org\/arquimty\/wp-json\/wp\/v2\/users\/1"}],"replies":[{"embeddable":true,"href":"https:\/\/www.arquidiocesismty.org\/arquimty\/wp-json\/wp\/v2\/comments?post=15496"}],"version-history":[{"count":1,"href":"https:\/\/www.arquidiocesismty.org\/arquimty\/wp-json\/wp\/v2\/posts\/15496\/revisions"}],"predecessor-version":[{"id":15497,"href":"https:\/\/www.arquidiocesismty.org\/arquimty\/wp-json\/wp\/v2\/posts\/15496\/revisions\/15497"}],"wp:featuredmedia":[{"embeddable":true,"href":"https:\/\/www.arquidiocesismty.org\/arquimty\/wp-json\/wp\/v2\/media\/15498"}],"wp:attachment":[{"href":"https:\/\/www.arquidiocesismty.org\/arquimty\/wp-json\/wp\/v2\/media?parent=15496"}],"wp:term":[{"taxonomy":"category","embeddable":true,"href":"https:\/\/www.arquidiocesismty.org\/arquimty\/wp-json\/wp\/v2\/categories?post=15496"},{"taxonomy":"post_tag","embeddable":true,"href":"https:\/\/www.arquidiocesismty.org\/arquimty\/wp-json\/wp\/v2\/tags?post=15496"}],"curies":[{"name":"wp","href":"https:\/\/api.w.org\/{rel}","templated":true}]}}