{"id":15493,"date":"2022-03-23T10:00:17","date_gmt":"2022-03-23T10:00:17","guid":{"rendered":"https:\/\/www.arquidiocesismty.org\/arquimty\/?p=15493"},"modified":"2022-03-23T12:32:04","modified_gmt":"2022-03-23T18:32:04","slug":"visitan-sacerdotes-jesuitas-a-pandillas-en-el-cerro-del-topo-chico","status":"publish","type":"post","link":"https:\/\/www.arquidiocesismty.org\/arquimty\/visitan-sacerdotes-jesuitas-a-pandillas-en-el-cerro-del-topo-chico\/","title":{"rendered":"VISITAN SACERDOTES JESUITAS A PANDILLAS EN EL CERRO DEL TOPO CHICO"},"content":{"rendered":"<p><em>Por: Juan Pablo V\u00e1zquez Rodr\u00edguez<\/em><br \/>\n<em>Monterrey, N.L. (www.pastoralsiglo21.org).- 23 de marzo del 2022<\/em><\/p>\n<p>La Iglesia de Monterrey sigue trabajando por medio de diversos proyectos, en favor de la construcci\u00f3n de la paz y buscando crear una sociedad m\u00e1s fraterna y solidaria.<\/p>\n<p><strong>Uno de estos proyectos es el que se realiza actualmente en la Zona del Topo Chico, una zona que por muchos a\u00f1os ha sido descuidada del desarrollo social y esto ha provocado que se generen diversas problem\u00e1ticas, entre ellas la violencia y la inseguridad.<\/strong><\/p>\n<p>Para erradicar estas problem\u00e1ticas, se debe de trabajar desde la ra\u00edz, procurando la educaci\u00f3n, la reconstrucci\u00f3n del tejido social y reconciliaci\u00f3n, la integraci\u00f3n familiar, entre otros.<\/p>\n<p>En este contexto y como parte del proyecto pastoral Topo Chico, es que se llev\u00f3 a cabo la visita de un grupo de sacerdotes Jesuitas a pandillas de esta zona.<\/p>\n<p><strong>Estuvieron presentes los sacerdotes Jesuitas Pbro. Jorge Atilano, Pbro. Luis Manuel Vizcaino, tambi\u00e9n los acompa\u00f1aron el sacerdote diocesano Jaime D\u00e1vila y el equipo de Raza Nueva en Cristo.<\/strong><\/p>\n<p>Esta experiencia fue un encuentro muy significativo, que sin duda va sentando bases para la reconciliaci\u00f3n y la paz.<\/p>\n<p>Como Iglesia de Monterrey, nos sentimos contentos y con esperanza, por este y todos los proyectos pastorales que se realizan en las diversas comunidades.<\/p>\n<p><strong>Comp\u00e1rtenos tambi\u00e9n el proyecto de tu comunidad, ser\u00e1 un gusto comunicarlo. Escr\u00edbenos a<\/strong><\/p>\n<p><strong>pastoralsiglo21@iglesiademonterrey.com<\/strong><\/p>\n","protected":false},"excerpt":{"rendered":"<p>Por: Juan Pablo V\u00e1zquez Rodr\u00edguez Monterrey, N.L. (www.pastoralsiglo21.org).- 23 de marzo del 2022 La Iglesia de Monterrey sigue trabajando por medio de diversos proyectos, en favor<span class=\"excerpt-hellip\"> [\u2026]<\/span><\/p>\n","protected":false},"author":1,"featured_media":15495,"comment_status":"closed","ping_status":"closed","sticky":false,"template":"","format":"standard","meta":[],"categories":[7,14],"tags":[],"_links":{"self":[{"href":"https:\/\/www.arquidiocesismty.org\/arquimty\/wp-json\/wp\/v2\/posts\/15493"}],"collection":[{"href":"https:\/\/www.arquidiocesismty.org\/arquimty\/wp-json\/wp\/v2\/posts"}],"about":[{"href":"https:\/\/www.arquidiocesismty.org\/arquimty\/wp-json\/wp\/v2\/types\/post"}],"author":[{"embeddable":true,"href":"https:\/\/www.arquidiocesismty.org\/arquimty\/wp-json\/wp\/v2\/users\/1"}],"replies":[{"embeddable":true,"href":"https:\/\/www.arquidiocesismty.org\/arquimty\/wp-json\/wp\/v2\/comments?post=15493"}],"version-history":[{"count":1,"href":"https:\/\/www.arquidiocesismty.org\/arquimty\/wp-json\/wp\/v2\/posts\/15493\/revisions"}],"predecessor-version":[{"id":15494,"href":"https:\/\/www.arquidiocesismty.org\/arquimty\/wp-json\/wp\/v2\/posts\/15493\/revisions\/15494"}],"wp:featuredmedia":[{"embeddable":true,"href":"https:\/\/www.arquidiocesismty.org\/arquimty\/wp-json\/wp\/v2\/media\/15495"}],"wp:attachment":[{"href":"https:\/\/www.arquidiocesismty.org\/arquimty\/wp-json\/wp\/v2\/media?parent=15493"}],"wp:term":[{"taxonomy":"category","embeddable":true,"href":"https:\/\/www.arquidiocesismty.org\/arquimty\/wp-json\/wp\/v2\/categories?post=15493"},{"taxonomy":"post_tag","embeddable":true,"href":"https:\/\/www.arquidiocesismty.org\/arquimty\/wp-json\/wp\/v2\/tags?post=15493"}],"curies":[{"name":"wp","href":"https:\/\/api.w.org\/{rel}","templated":true}]}}