{"id":15490,"date":"2022-03-22T10:00:30","date_gmt":"2022-03-22T10:00:30","guid":{"rendered":"https:\/\/www.arquidiocesismty.org\/arquimty\/?p=15490"},"modified":"2022-03-22T10:50:00","modified_gmt":"2022-03-22T16:50:00","slug":"participan-12-parroquias-en-retiro-de-formacion","status":"publish","type":"post","link":"https:\/\/www.arquidiocesismty.org\/arquimty\/participan-12-parroquias-en-retiro-de-formacion\/","title":{"rendered":"PARTICIPAN 12 PARROQUIAS EN RETIRO DE FORMACI\u00d3N"},"content":{"rendered":"<p>Por: Juan Pablo V\u00e1zquez Rodr\u00edguez<br \/>\nMonterrey, N.L. (www.pastoralsiglo21.org).- 22 de marzo del 2022<\/p>\n<p>El domingo 20 y lunes 21 de marzo, en el Macro Centro Comunitario San Bernab\u00e9, se llev\u00f3 a cabo un retiro de formaci\u00f3n, en el que participaron los consejos de pastoral de las 12 Parroquias, donde se concluye la primera etapa del proyecto de Reconstrucci\u00f3n del Tejido Eclesial-Social del proyecto Topo Chico.<\/p>\n<p><strong>En este importante retiro participaron como expositores el Obispo Auxiliar de Monterrey, Mons. Juan Carlos Arcq, el padre Jorge Atilano S.J., El Pbro. Luis Manuel Vizcaino Director del Cias, Telar A.C. y Sacerdotes de la unidad pastoral Topo Chico.<\/strong><\/p>\n<p><strong>El Proyecto de Reconstrucci\u00f3n del Tejido Social Topo Chico inici\u00f3 con la consolidaci\u00f3n de los Consejos Parroquiales, con el apoyo de las metodolog\u00edas que ofrece CIAS por la Paz (Centro de Investigaci\u00f3n de Acci\u00f3n Social Jesuitas por la Paz), junto con la asociaci\u00f3n civil Telar A.C. en un trabajo coordinado con el Secretariado de Pastoral Social, y que juntos han propuesto para la reconstrucci\u00f3n del tejido eclesial y social.<\/strong><\/p>\n<p>Muchas felicidades a estas comunidades parroquiales por su trabajo en comuni\u00f3n y la b\u00fasqueda de la construcci\u00f3n de la paz.<\/p>\n<p>#IglesiaDeMonterrey<\/p>\n","protected":false},"excerpt":{"rendered":"<p>Por: Juan Pablo V\u00e1zquez Rodr\u00edguez Monterrey, N.L. (www.pastoralsiglo21.org).- 22 de marzo del 2022 El domingo 20 y lunes 21 de marzo, en el Macro Centro Comunitario<span class=\"excerpt-hellip\"> [\u2026]<\/span><\/p>\n","protected":false},"author":1,"featured_media":15492,"comment_status":"closed","ping_status":"closed","sticky":false,"template":"","format":"standard","meta":[],"categories":[7,14],"tags":[],"_links":{"self":[{"href":"https:\/\/www.arquidiocesismty.org\/arquimty\/wp-json\/wp\/v2\/posts\/15490"}],"collection":[{"href":"https:\/\/www.arquidiocesismty.org\/arquimty\/wp-json\/wp\/v2\/posts"}],"about":[{"href":"https:\/\/www.arquidiocesismty.org\/arquimty\/wp-json\/wp\/v2\/types\/post"}],"author":[{"embeddable":true,"href":"https:\/\/www.arquidiocesismty.org\/arquimty\/wp-json\/wp\/v2\/users\/1"}],"replies":[{"embeddable":true,"href":"https:\/\/www.arquidiocesismty.org\/arquimty\/wp-json\/wp\/v2\/comments?post=15490"}],"version-history":[{"count":1,"href":"https:\/\/www.arquidiocesismty.org\/arquimty\/wp-json\/wp\/v2\/posts\/15490\/revisions"}],"predecessor-version":[{"id":15491,"href":"https:\/\/www.arquidiocesismty.org\/arquimty\/wp-json\/wp\/v2\/posts\/15490\/revisions\/15491"}],"wp:featuredmedia":[{"embeddable":true,"href":"https:\/\/www.arquidiocesismty.org\/arquimty\/wp-json\/wp\/v2\/media\/15492"}],"wp:attachment":[{"href":"https:\/\/www.arquidiocesismty.org\/arquimty\/wp-json\/wp\/v2\/media?parent=15490"}],"wp:term":[{"taxonomy":"category","embeddable":true,"href":"https:\/\/www.arquidiocesismty.org\/arquimty\/wp-json\/wp\/v2\/categories?post=15490"},{"taxonomy":"post_tag","embeddable":true,"href":"https:\/\/www.arquidiocesismty.org\/arquimty\/wp-json\/wp\/v2\/tags?post=15490"}],"curies":[{"name":"wp","href":"https:\/\/api.w.org\/{rel}","templated":true}]}}