{"id":15487,"date":"2022-03-22T08:20:49","date_gmt":"2022-03-22T08:20:49","guid":{"rendered":"https:\/\/www.arquidiocesismty.org\/arquimty\/?p=15487"},"modified":"2022-03-22T10:44:05","modified_gmt":"2022-03-22T16:44:05","slug":"sacerdote-de-monterrey-con-mas-anos-de-ordenacion-sacerdotal-celebra-su-69-aniversario","status":"publish","type":"post","link":"https:\/\/www.arquidiocesismty.org\/arquimty\/sacerdote-de-monterrey-con-mas-anos-de-ordenacion-sacerdotal-celebra-su-69-aniversario\/","title":{"rendered":"SACERDOTE DE MONTERREY CON M\u00c1S A\u00d1OS DE ORDENACI\u00d3N SACERDOTAL CELEBRA SU 69 ANIVERSARIO"},"content":{"rendered":"<p><em>Por: Juan Pablo V\u00e1zquez Rodr\u00edguez<\/em><br \/>\n<em>Monterrey, N.L. (www.pastoralsiglo21.org).- 22 de marzo del 2022<\/em><\/p>\n<h3>M\u1d0f\u0274s. F\u0280\u1d00\u0274\u1d04\u026as\u1d04\u1d0f H\u1d07\u0280\u0274\u00e1\u0274\u1d05\u1d07\u1d22 O\u1d04\u1d00\u1d05\u026a\u1d22 \u1d04\u1d07\u029f\u1d07\u0299\u0280\u1d00 69 A\u0274\u026a\u1d20\u1d07\u0280s\u1d00\u0280\u026a\u1d0f S\u1d00\u1d04\u1d07\u0280\u1d05\u1d0f\u1d1b\u1d00\u029f<\/h3>\n<p>El pasado 28 de febrero el Mons. Francisco Hern\u00e1ndez Ocadiz, cumpli\u00f3 69 a\u00f1os de vida sacerdotal, pero por motivos de pandemia fue hasta este lunes 21 de marzo que se llev\u00f3 a cabo su Santa Misa de Aniversario.<\/p>\n<p><strong>Mons. Francisco Hern\u00e1ndez Ocadiz, es el sacerdote con m\u00e1s a\u00f1os de ordenaci\u00f3n en la Arquidi\u00f3cesis de Monterrey, fue ordenado sacerdote el 28 de febrero de 1953, de manos de Mons. Espino y Silva.<\/strong><\/p>\n<p>Su primer destino es como Vicario parroquial de Ntra. Se\u00f1ora de la Luz, el 21 de julio de 1952. El segundo destino lo inici\u00f3 como p\u00e1rroco el 20 de julio de 1955 en Nuestra Se\u00f1ora de los \u00c1ngeles de Arramberri, N.L. y al cumplir exactamente dos a\u00f1os continua su ministerio en Nuestra Se\u00f1ora de Guadalupe de Ciudad An\u00e1huac, N.L.<\/p>\n<p><strong>El 20 de septiembre de 1967 toma posesi\u00f3n de la parroquia de San Antonio de Padua, donde ejerci\u00f3 su ministerio durante 38 a\u00f1os, hasta el a\u00f1o 2004. En el a\u00f1o de 1997, fue nombrado Prelado de Honor por S.S. Juan Pablo II.<\/strong><\/p>\n<p>Durante la celebraci\u00f3n de la Santa Misa, con motivo de su aniversario celebrada este pasado lunes,<strong> en la Parroquia de San Antonio de Padua, Mons. Francisco, se manifest\u00f3 agradecido con Dios<\/strong> por haber estado en esa comunidad m\u00e1s de la mitad de su ministerio sacerdotal, donde vivi\u00f3 cosas bonitas, alegr\u00edas y tristezas.<\/p>\n<p><strong>\u201cMe han hecho esta invitaci\u00f3n a celebrar esta Misa de acci\u00f3n de gracias por el aniversario de ordenaci\u00f3n sacerdotal que cumpl\u00ed el 28 febrero, la familia de esta comunidad parroquial la llev\u00f3 en mi vida, porque estuve aqu\u00ed con ustedes muchos a\u00f1os, casi la mitad de mi vida, trate de servir, pero tambi\u00e9n recib\u00ed de esta comunidad, el amor, la amistad, la oraci\u00f3n para realizar el ministerio sacerdotal\u201d.<\/strong><\/p>\n<p>\u201cPor eso aunque la fecha paso, he querido celebrar esta Misa con todo gusto y a mi acci\u00f3n de gracias personal, quiero a\u00f1adir acci\u00f3n de gracias por los favores que de esta comunidad recib\u00ed, y porque Dios recompense familias que viven todav\u00eda y muchas familias que Dios tenga en su gloria\u201d.<\/p>\n<p>Finalmente, a\u00f1adi\u00f3 Mons. Francisco: \u201cPor las familias vivas y las familias difuntas pido al Se\u00f1or en la Santa Misa. Gracias a las familias que se han preocupado por no dejar pasar la celebraci\u00f3n de este aniversario, el Se\u00f1or les recompense, el Se\u00f1or les bendiga\u201d.<\/p>\n","protected":false},"excerpt":{"rendered":"<p>Por: Juan Pablo V\u00e1zquez Rodr\u00edguez Monterrey, N.L. (www.pastoralsiglo21.org).- 22 de marzo del 2022 M\u1d0f\u0274s. F\u0280\u1d00\u0274\u1d04\u026as\u1d04\u1d0f H\u1d07\u0280\u0274\u00e1\u0274\u1d05\u1d07\u1d22 O\u1d04\u1d00\u1d05\u026a\u1d22 \u1d04\u1d07\u029f\u1d07\u0299\u0280\u1d00 69 A\u0274\u026a\u1d20\u1d07\u0280s\u1d00\u0280\u026a\u1d0f S\u1d00\u1d04\u1d07\u0280\u1d05\u1d0f\u1d1b\u1d00\u029f El pasado 28 de febrero<span class=\"excerpt-hellip\"> [\u2026]<\/span><\/p>\n","protected":false},"author":1,"featured_media":15489,"comment_status":"open","ping_status":"closed","sticky":false,"template":"","format":"standard","meta":[],"categories":[7,14],"tags":[],"_links":{"self":[{"href":"https:\/\/www.arquidiocesismty.org\/arquimty\/wp-json\/wp\/v2\/posts\/15487"}],"collection":[{"href":"https:\/\/www.arquidiocesismty.org\/arquimty\/wp-json\/wp\/v2\/posts"}],"about":[{"href":"https:\/\/www.arquidiocesismty.org\/arquimty\/wp-json\/wp\/v2\/types\/post"}],"author":[{"embeddable":true,"href":"https:\/\/www.arquidiocesismty.org\/arquimty\/wp-json\/wp\/v2\/users\/1"}],"replies":[{"embeddable":true,"href":"https:\/\/www.arquidiocesismty.org\/arquimty\/wp-json\/wp\/v2\/comments?post=15487"}],"version-history":[{"count":1,"href":"https:\/\/www.arquidiocesismty.org\/arquimty\/wp-json\/wp\/v2\/posts\/15487\/revisions"}],"predecessor-version":[{"id":15488,"href":"https:\/\/www.arquidiocesismty.org\/arquimty\/wp-json\/wp\/v2\/posts\/15487\/revisions\/15488"}],"wp:featuredmedia":[{"embeddable":true,"href":"https:\/\/www.arquidiocesismty.org\/arquimty\/wp-json\/wp\/v2\/media\/15489"}],"wp:attachment":[{"href":"https:\/\/www.arquidiocesismty.org\/arquimty\/wp-json\/wp\/v2\/media?parent=15487"}],"wp:term":[{"taxonomy":"category","embeddable":true,"href":"https:\/\/www.arquidiocesismty.org\/arquimty\/wp-json\/wp\/v2\/categories?post=15487"},{"taxonomy":"post_tag","embeddable":true,"href":"https:\/\/www.arquidiocesismty.org\/arquimty\/wp-json\/wp\/v2\/tags?post=15487"}],"curies":[{"name":"wp","href":"https:\/\/api.w.org\/{rel}","templated":true}]}}