{"id":15484,"date":"2022-03-21T16:20:17","date_gmt":"2022-03-21T16:20:17","guid":{"rendered":"https:\/\/www.arquidiocesismty.org\/arquimty\/?p=15484"},"modified":"2022-03-22T10:38:20","modified_gmt":"2022-03-22T16:38:20","slug":"vaticano-envia-una-carta-a-los-sacerdotes-de-todo-el-mundo-para-que-el-sinodo-no-se-reduzca-a-un-eslogan-vacio","status":"publish","type":"post","link":"https:\/\/www.arquidiocesismty.org\/arquimty\/vaticano-envia-una-carta-a-los-sacerdotes-de-todo-el-mundo-para-que-el-sinodo-no-se-reduzca-a-un-eslogan-vacio\/","title":{"rendered":"VATICANO ENV\u00cdA UNA CARTA A LOS SACERDOTES DE TODO EL MUNDO PARA QUE \u201cEL S\u00cdNODO NO SE REDUZCA A UN ESLOGAN VAC\u00cdO&#8221;"},"content":{"rendered":"<p><em>Por: Juan Pablo V\u00e1zquez Rodr\u00edguez<\/em><br \/>\n<em>Monterrey, N.L. (www.pastoralsiglo21.org).- 21 de marzo del 2022<\/em><\/p>\n<p><strong>Con motivo del proceso sinodal que vive la Iglesia, se las ha realizado invitaciones concretas a todos los sacerdotes del mundo en una carta enviada desde el Vaticano, entre las que se resalta no caer en riesgos que se\u00f1ala el Papa Francisco es decir, \u201cel formalismo, que reduce el S\u00ednodo a un eslogan vac\u00edo, el intelectualismo, que hace del S\u00ednodo una reflexi\u00f3n te\u00f3rica sobre los problemas, y el inmovilismo, que nos aferra a la seguridad de nuestros h\u00e1bitos para que nada cambie\u201d.<\/strong><\/p>\n<p>En la carta se invita tambi\u00e9n a los sacerdotes a no tener miedo de <strong>\u201cponer \u00e9nfasis en el sacerdocio com\u00fan de los bautizados\u201d y se les invita a \u201ctratar de descubrir cada vez m\u00e1s la igualdad fundamental de todos los bautizados y de estimular a todos los fieles a participar activamente en el camino y la misi\u00f3n de la Iglesia\u201d<\/strong>.<\/p>\n<p>En diversos momentos de la carta se les invita a los sacerdotes a esforzarse para que este camino se caracterice \u201cpor la escucha y la aceptaci\u00f3n mutuas\u201d.<\/p>\n<p>\u201cEl Papa Francisco, en la Evangelii Gaudium, nos ha entregado el sue\u00f1o de una Iglesia que no teme ensuciarse las manos implic\u00e1ndose en las heridas de la humanidad, una Iglesia que camina en la escucha y al servicio de los pobres y de las periferias. Este dinamismo en \u00absalida\u00bb hacia los hermanos, con la br\u00fajula de la Palabra y el fuego de la caridad, cumple el gran designio original del Padre: \u00abque todos sean uno\u00bb (Jn 17,21)\u201d.<\/p>\n<p>La Carta esta firmada por el Secretario General del S\u00ednodo de los Obispos el Cardenal Mario Grech y el Prefecto de la Congregaci\u00f3n para el Clero Monse\u00f1or Lazarus You Heung Sik.<\/p>\n","protected":false},"excerpt":{"rendered":"<p>Por: Juan Pablo V\u00e1zquez Rodr\u00edguez Monterrey, N.L. (www.pastoralsiglo21.org).- 21 de marzo del 2022 Con motivo del proceso sinodal que vive la Iglesia, se las ha realizado<span class=\"excerpt-hellip\"> [\u2026]<\/span><\/p>\n","protected":false},"author":1,"featured_media":15486,"comment_status":"closed","ping_status":"closed","sticky":false,"template":"","format":"standard","meta":[],"categories":[112,14],"tags":[],"_links":{"self":[{"href":"https:\/\/www.arquidiocesismty.org\/arquimty\/wp-json\/wp\/v2\/posts\/15484"}],"collection":[{"href":"https:\/\/www.arquidiocesismty.org\/arquimty\/wp-json\/wp\/v2\/posts"}],"about":[{"href":"https:\/\/www.arquidiocesismty.org\/arquimty\/wp-json\/wp\/v2\/types\/post"}],"author":[{"embeddable":true,"href":"https:\/\/www.arquidiocesismty.org\/arquimty\/wp-json\/wp\/v2\/users\/1"}],"replies":[{"embeddable":true,"href":"https:\/\/www.arquidiocesismty.org\/arquimty\/wp-json\/wp\/v2\/comments?post=15484"}],"version-history":[{"count":1,"href":"https:\/\/www.arquidiocesismty.org\/arquimty\/wp-json\/wp\/v2\/posts\/15484\/revisions"}],"predecessor-version":[{"id":15485,"href":"https:\/\/www.arquidiocesismty.org\/arquimty\/wp-json\/wp\/v2\/posts\/15484\/revisions\/15485"}],"wp:featuredmedia":[{"embeddable":true,"href":"https:\/\/www.arquidiocesismty.org\/arquimty\/wp-json\/wp\/v2\/media\/15486"}],"wp:attachment":[{"href":"https:\/\/www.arquidiocesismty.org\/arquimty\/wp-json\/wp\/v2\/media?parent=15484"}],"wp:term":[{"taxonomy":"category","embeddable":true,"href":"https:\/\/www.arquidiocesismty.org\/arquimty\/wp-json\/wp\/v2\/categories?post=15484"},{"taxonomy":"post_tag","embeddable":true,"href":"https:\/\/www.arquidiocesismty.org\/arquimty\/wp-json\/wp\/v2\/tags?post=15484"}],"curies":[{"name":"wp","href":"https:\/\/api.w.org\/{rel}","templated":true}]}}