{"id":15481,"date":"2022-03-21T09:55:29","date_gmt":"2022-03-21T09:55:29","guid":{"rendered":"https:\/\/www.arquidiocesismty.org\/arquimty\/?p=15481"},"modified":"2022-03-22T10:28:01","modified_gmt":"2022-03-22T16:28:01","slug":"el-padre-javier-fue-un-intercesor-que-vio-escucho-y-se-acerco-al-pueblo","status":"publish","type":"post","link":"https:\/\/www.arquidiocesismty.org\/arquimty\/el-padre-javier-fue-un-intercesor-que-vio-escucho-y-se-acerco-al-pueblo\/","title":{"rendered":"\u201cEL PADRE JAVIER FUE UN INTERCESOR QUE VIO, ESCUCH\u00d3 Y SE ACERC\u00d3 AL PUEBLO\u201d"},"content":{"rendered":"<p><em>Por: Juan Pablo V\u00e1zquez Rodr\u00edguez<\/em><br \/>\n<em>Monterrey, N.L. (www.pastoralsiglo21.org).- 21 de marzo del 2022<\/em><\/p>\n<h3>M\u026as\u1d00 \u1d05\u1d07 \u1d04\u1d1c\u1d07\u0280\u1d18\u1d0f \u1d18\u0280\u1d07s\u1d07\u0274\u1d1b\u1d07 \u1d05\u1d07\u029f \u1d18\u1d00\u1d05\u0280\u1d07 J\u1d00\u1d20\u026a\u1d07\u0280 H\u1d07\u0280\u0274\u00e1\u0274\u1d05\u1d07\u1d22 N\u1d00\u1d20\u1d00\u0280\u0280\u1d07\u1d1b\u1d07<\/h3>\n<p>Familiares, fieles y amigos del padre Javier Hern\u00e1ndez Navarrete, se reunieron este domingo en la Bas\u00edlica del Roble en Monterrey, para despedir al querido sacerdote de la Arquidi\u00f3cesis de Monterrey, quien fue llamado a la presencia de Dios el pasado viernes por la noche.<\/p>\n<p><strong>La Santa Misa fue presidida por Mons. Heriberto Cavazos, Obispo Auxiliar de Monterrey, quien record\u00f3 al padre Javier Navarrete, como un intercesor que vio, escuch\u00f3 y se acerc\u00f3 al pueblo de Dios.<\/strong><\/p>\n<p><strong>\u201cHe venido para salvarlos, he visto he o\u00eddo, conozco y me he acercado a mi pueblo, esa es la misi\u00f3n de todos los hijos e hijas de Dios, si eso es lo que hace el Se\u00f1or Jes\u00fas como Buen Samaritano, tambi\u00e9n nosotros hemos de hacerlo y como les dec\u00eda seguramente, el padre Javier Navarrete supo acercarse y supo liberar a tanta gente, ustedes son testigos de esto, de esa vocaci\u00f3n que recibi\u00f3 en su pueblo a trav\u00e9s del testimonio seguramente de su pap\u00e1 y de su mam\u00e1, de sus hermanos, de sacerdotes, y luego ya cuando vino ac\u00e1 con nosotros al Seminario de Monterrey y despu\u00e9s toda esa misi\u00f3n que \u00e9l realiz\u00f3 en diversas comunidades\u201d.<\/strong><\/p>\n<p>Mons. Heriberto, se refiri\u00f3 finalmente a algunos de los signos en el f\u00e9retro del padre Javier.<\/p>\n<p>\u201cMe llama la atenci\u00f3n ahorita tambi\u00e9n que ordinariamente en un f\u00e9retro o en una urna de cenizas hay un ramo de flores o una corona y aqu\u00ed como corona est\u00e1 la Palabra de Dios, s\u00ed la Palabra de Dios que el padre Javier predic\u00f3 y su ornamento, la casulla, qu\u00e9 es como una casa que nos cubre y representa a Dios que viene a cubrirnos a estar con nosotros, eso significa esta vestimenta que ahorita est\u00e1 aqu\u00ed con el padre Javier\u201d.<\/p>\n<p>Finalmente, nuestro Obispo Auxiliar, agradeci\u00f3 a Dios por la vocaci\u00f3n del padre Hern\u00e1ndez Navarrete.<\/p>\n<p>\u201cEsa es la misi\u00f3n que tenemos, es la misi\u00f3n que \u00e9l tuvo queridos hermanos y por eso le damos gracias al Se\u00f1or de todo coraz\u00f3n, lo encomendamos a nuestra Sant\u00edsima Madre del Roble, para que ella lo reciba y para que el padre Javier siga siendo un intercesor de todos nosotros, eso le pedimos a nuestra madre Mar\u00eda Sant\u00edsima y tambi\u00e9n lo encomendamos al se\u00f1or San Jos\u00e9, el protector de Jes\u00fas&#8221;.<\/p>\n<p>\u201cQue el alma de nuestro hermano apreciado el padre Javier descanse en paz\u201d.<\/p>\n<p>#IglesiaDeMonterrey<\/p>\n","protected":false},"excerpt":{"rendered":"<p>Por: Juan Pablo V\u00e1zquez Rodr\u00edguez Monterrey, N.L. (www.pastoralsiglo21.org).- 21 de marzo del 2022 M\u026as\u1d00 \u1d05\u1d07 \u1d04\u1d1c\u1d07\u0280\u1d18\u1d0f \u1d18\u0280\u1d07s\u1d07\u0274\u1d1b\u1d07 \u1d05\u1d07\u029f \u1d18\u1d00\u1d05\u0280\u1d07 J\u1d00\u1d20\u026a\u1d07\u0280 H\u1d07\u0280\u0274\u00e1\u0274\u1d05\u1d07\u1d22 N\u1d00\u1d20\u1d00\u0280\u0280\u1d07\u1d1b\u1d07 Familiares, fieles y amigos<span class=\"excerpt-hellip\"> [\u2026]<\/span><\/p>\n","protected":false},"author":1,"featured_media":15483,"comment_status":"closed","ping_status":"closed","sticky":false,"template":"","format":"standard","meta":[],"categories":[7,14],"tags":[],"_links":{"self":[{"href":"https:\/\/www.arquidiocesismty.org\/arquimty\/wp-json\/wp\/v2\/posts\/15481"}],"collection":[{"href":"https:\/\/www.arquidiocesismty.org\/arquimty\/wp-json\/wp\/v2\/posts"}],"about":[{"href":"https:\/\/www.arquidiocesismty.org\/arquimty\/wp-json\/wp\/v2\/types\/post"}],"author":[{"embeddable":true,"href":"https:\/\/www.arquidiocesismty.org\/arquimty\/wp-json\/wp\/v2\/users\/1"}],"replies":[{"embeddable":true,"href":"https:\/\/www.arquidiocesismty.org\/arquimty\/wp-json\/wp\/v2\/comments?post=15481"}],"version-history":[{"count":1,"href":"https:\/\/www.arquidiocesismty.org\/arquimty\/wp-json\/wp\/v2\/posts\/15481\/revisions"}],"predecessor-version":[{"id":15482,"href":"https:\/\/www.arquidiocesismty.org\/arquimty\/wp-json\/wp\/v2\/posts\/15481\/revisions\/15482"}],"wp:featuredmedia":[{"embeddable":true,"href":"https:\/\/www.arquidiocesismty.org\/arquimty\/wp-json\/wp\/v2\/media\/15483"}],"wp:attachment":[{"href":"https:\/\/www.arquidiocesismty.org\/arquimty\/wp-json\/wp\/v2\/media?parent=15481"}],"wp:term":[{"taxonomy":"category","embeddable":true,"href":"https:\/\/www.arquidiocesismty.org\/arquimty\/wp-json\/wp\/v2\/categories?post=15481"},{"taxonomy":"post_tag","embeddable":true,"href":"https:\/\/www.arquidiocesismty.org\/arquimty\/wp-json\/wp\/v2\/tags?post=15481"}],"curies":[{"name":"wp","href":"https:\/\/api.w.org\/{rel}","templated":true}]}}