{"id":15478,"date":"2022-03-20T16:45:58","date_gmt":"2022-03-20T16:45:58","guid":{"rendered":"https:\/\/www.arquidiocesismty.org\/arquimty\/?p=15478"},"modified":"2022-03-22T10:19:36","modified_gmt":"2022-03-22T16:19:36","slug":"arzobispo-invita-a-consagracion-de-rusia-y-ucrania-al-inmaculado-corazon-de-maria","status":"publish","type":"post","link":"https:\/\/www.arquidiocesismty.org\/arquimty\/arzobispo-invita-a-consagracion-de-rusia-y-ucrania-al-inmaculado-corazon-de-maria\/","title":{"rendered":"ARZOBISPO INVITA A CONSAGRACI\u00d3N DE RUSIA Y UCRANIA AL INMACULADO CORAZ\u00d3N DE MAR\u00cdA"},"content":{"rendered":"<p><em>Por: Juan Pablo V\u00e1zquez Rodr\u00edguez<\/em><br \/>\n<em>Monterrey, N.L. (www.pastoralsiglo21.org).- 20 de marzo del 2022<\/em><\/p>\n<p>Ante la invitaci\u00f3n del Papa Francisco a los obispos de todo el mundo y a sus presb\u00edteros a unirse a \u00e9l en la oraci\u00f3n por la paz y en la consagraci\u00f3n y encomienda de Rusia<br \/>\ny Ucrania al Inmaculado Coraz\u00f3n de Mar\u00eda, el Arzobispo de Monterrey invit\u00f3 a todos los fieles a participar de este llamado.<\/p>\n<p><strong>\u201cQuiero invitarles, para que el pr\u00f3ximo 25 de marzo d\u00eda de la Encarnaci\u00f3n del Se\u00f1or Jes\u00fas, en nuestra Bas\u00edlica de Monterrey a las 12 del mediod\u00eda, nos unamos a la intenci\u00f3n del Papa Francisco de consagrar Rusia y Ucrania al coraz\u00f3n Inmaculado de Mar\u00eda,<\/strong><\/p>\n<p>\u201cLo haremos con mucha devoci\u00f3n y siempre teniendo presente la paz en todo el mundo y desde luego vamos a pedir para que en nuestra Arquidi\u00f3cesis en M\u00e9xico y el mundo entero se respeten la vida en todos los momentos de la existencia humana\u201d, a\u00f1adi\u00f3.<\/p>\n<p>#IglesiaDeMonterrey<\/p>\n","protected":false},"excerpt":{"rendered":"<p>Por: Juan Pablo V\u00e1zquez Rodr\u00edguez Monterrey, N.L. (www.pastoralsiglo21.org).- 20 de marzo del 2022 Ante la invitaci\u00f3n del Papa Francisco a los obispos de todo el mundo<span class=\"excerpt-hellip\"> [\u2026]<\/span><\/p>\n","protected":false},"author":1,"featured_media":15480,"comment_status":"closed","ping_status":"closed","sticky":false,"template":"","format":"standard","meta":[],"categories":[7],"tags":[],"_links":{"self":[{"href":"https:\/\/www.arquidiocesismty.org\/arquimty\/wp-json\/wp\/v2\/posts\/15478"}],"collection":[{"href":"https:\/\/www.arquidiocesismty.org\/arquimty\/wp-json\/wp\/v2\/posts"}],"about":[{"href":"https:\/\/www.arquidiocesismty.org\/arquimty\/wp-json\/wp\/v2\/types\/post"}],"author":[{"embeddable":true,"href":"https:\/\/www.arquidiocesismty.org\/arquimty\/wp-json\/wp\/v2\/users\/1"}],"replies":[{"embeddable":true,"href":"https:\/\/www.arquidiocesismty.org\/arquimty\/wp-json\/wp\/v2\/comments?post=15478"}],"version-history":[{"count":1,"href":"https:\/\/www.arquidiocesismty.org\/arquimty\/wp-json\/wp\/v2\/posts\/15478\/revisions"}],"predecessor-version":[{"id":15479,"href":"https:\/\/www.arquidiocesismty.org\/arquimty\/wp-json\/wp\/v2\/posts\/15478\/revisions\/15479"}],"wp:featuredmedia":[{"embeddable":true,"href":"https:\/\/www.arquidiocesismty.org\/arquimty\/wp-json\/wp\/v2\/media\/15480"}],"wp:attachment":[{"href":"https:\/\/www.arquidiocesismty.org\/arquimty\/wp-json\/wp\/v2\/media?parent=15478"}],"wp:term":[{"taxonomy":"category","embeddable":true,"href":"https:\/\/www.arquidiocesismty.org\/arquimty\/wp-json\/wp\/v2\/categories?post=15478"},{"taxonomy":"post_tag","embeddable":true,"href":"https:\/\/www.arquidiocesismty.org\/arquimty\/wp-json\/wp\/v2\/tags?post=15478"}],"curies":[{"name":"wp","href":"https:\/\/api.w.org\/{rel}","templated":true}]}}