{"id":15472,"date":"2022-03-19T14:05:00","date_gmt":"2022-03-19T14:05:00","guid":{"rendered":"https:\/\/www.arquidiocesismty.org\/arquimty\/?p=15472"},"modified":"2022-03-22T10:04:59","modified_gmt":"2022-03-22T16:04:59","slug":"visita-papa-francisco-a-ninos-hospitalizados-llegados-de-ucrania","status":"publish","type":"post","link":"https:\/\/www.arquidiocesismty.org\/arquimty\/visita-papa-francisco-a-ninos-hospitalizados-llegados-de-ucrania\/","title":{"rendered":"VISITA PAPA FRANCISCO A NI\u00d1OS HOSPITALIZADOS LLEGADOS DE UCRANIA"},"content":{"rendered":"<p><em>Por: Juan Pablo V\u00e1zquez Rodr\u00edguez<\/em><br \/>\n<em>Monterrey, N.L. (www.pastoralsiglo21.org).- 19 de marzo del 2022<\/em><\/p>\n<p><strong>Esta tarde, poco despu\u00e9s de las 4 de la tarde (tiempo de Roma), el #PapaFrancisco fue al Hospital Bambino Jes\u00fas para visitar el departamento donde se encuentran los ni\u00f1os hospitalizados que llegaron de Ucrania en estos \u00faltimos d\u00edas.<\/strong><\/p>\n<p>Ahora mismo hay 19 ni\u00f1os ucranianos en el hospital y en la sede de Palidoro, mientras que los que llegaron desde el inicio de la guerra son unos 50.<\/p>\n<p>Son pacientes con diversas enfermedades (oncol\u00f3gicas, neurol\u00f3gicas y de otro tipo) los que escaparon en los primeros d\u00edas de guerra y, m\u00e1s recientemente, ni\u00f1os con heridas explosivas graves.<\/p>\n","protected":false},"excerpt":{"rendered":"<p>Por: Juan Pablo V\u00e1zquez Rodr\u00edguez Monterrey, N.L. (www.pastoralsiglo21.org).- 19 de marzo del 2022 Esta tarde, poco despu\u00e9s de las 4 de la tarde (tiempo de Roma),<span class=\"excerpt-hellip\"> [\u2026]<\/span><\/p>\n","protected":false},"author":1,"featured_media":15474,"comment_status":"closed","ping_status":"closed","sticky":false,"template":"","format":"standard","meta":[],"categories":[112,14],"tags":[],"_links":{"self":[{"href":"https:\/\/www.arquidiocesismty.org\/arquimty\/wp-json\/wp\/v2\/posts\/15472"}],"collection":[{"href":"https:\/\/www.arquidiocesismty.org\/arquimty\/wp-json\/wp\/v2\/posts"}],"about":[{"href":"https:\/\/www.arquidiocesismty.org\/arquimty\/wp-json\/wp\/v2\/types\/post"}],"author":[{"embeddable":true,"href":"https:\/\/www.arquidiocesismty.org\/arquimty\/wp-json\/wp\/v2\/users\/1"}],"replies":[{"embeddable":true,"href":"https:\/\/www.arquidiocesismty.org\/arquimty\/wp-json\/wp\/v2\/comments?post=15472"}],"version-history":[{"count":1,"href":"https:\/\/www.arquidiocesismty.org\/arquimty\/wp-json\/wp\/v2\/posts\/15472\/revisions"}],"predecessor-version":[{"id":15473,"href":"https:\/\/www.arquidiocesismty.org\/arquimty\/wp-json\/wp\/v2\/posts\/15472\/revisions\/15473"}],"wp:featuredmedia":[{"embeddable":true,"href":"https:\/\/www.arquidiocesismty.org\/arquimty\/wp-json\/wp\/v2\/media\/15474"}],"wp:attachment":[{"href":"https:\/\/www.arquidiocesismty.org\/arquimty\/wp-json\/wp\/v2\/media?parent=15472"}],"wp:term":[{"taxonomy":"category","embeddable":true,"href":"https:\/\/www.arquidiocesismty.org\/arquimty\/wp-json\/wp\/v2\/categories?post=15472"},{"taxonomy":"post_tag","embeddable":true,"href":"https:\/\/www.arquidiocesismty.org\/arquimty\/wp-json\/wp\/v2\/tags?post=15472"}],"curies":[{"name":"wp","href":"https:\/\/api.w.org\/{rel}","templated":true}]}}