{"id":15466,"date":"2022-03-17T09:50:57","date_gmt":"2022-03-17T09:50:57","guid":{"rendered":"https:\/\/www.arquidiocesismty.org\/arquimty\/?p=15466"},"modified":"2022-03-19T23:06:46","modified_gmt":"2022-03-20T05:06:46","slug":"envia-arzobispo-mensaje-de-paz-ante-el-clasico-de-futbol-regiomontano","status":"publish","type":"post","link":"https:\/\/www.arquidiocesismty.org\/arquimty\/envia-arzobispo-mensaje-de-paz-ante-el-clasico-de-futbol-regiomontano\/","title":{"rendered":"ENV\u00cdA ARZOBISPO MENSAJE DE PAZ ANTE EL CL\u00c1SICO DE F\u00daTBOL REGIOMONTANO"},"content":{"rendered":"<p><em>Por: Juan Pablo V\u00e1zquez Rodr\u00edguez<\/em><br \/>\n<em>Monterrey, N.L. (www.pastoralsiglo21.org).- 18 de marzo del 2022<\/em><\/p>\n<p>El Arzobispo de Monterrey, Mons. Rogelio Cabrera L\u00f3pez, env\u00edo un mensaje de paz, invitando a los aficionados de Rayados y Tigres a disfrutar del juego en armon\u00eda.<\/p>\n<p>&nbsp;<\/p>\n<p>\u201cQuiero animar a toda la afici\u00f3n al f\u00fatbol, a los que les agrada el equipo de Rayados, a los que est\u00e1n con el equipo de Tigres, todos somos ciudadanos, todos somos hermanos\u201d.<\/p>\n<p>\u201cQue los encuentros de f\u00fatbol, sirvan para distraerse, sirvan para crecer en la amistad\u201d.<\/p>\n<p>\u201cQue este juego entre Rayados y Tigres ayude mucho a la armon\u00eda de nuestras ciudades, de nuestra metr\u00f3poli\u201d.<\/p>\n<p>\u201cQue Dios los bendiga y bendigo mucho lo que ustedes hacen por Monterrey, por Nuevo Le\u00f3n\u201d.<\/p>\n","protected":false},"excerpt":{"rendered":"<p>Por: Juan Pablo V\u00e1zquez Rodr\u00edguez Monterrey, N.L. (www.pastoralsiglo21.org).- 18 de marzo del 2022 El Arzobispo de Monterrey, Mons. Rogelio Cabrera L\u00f3pez, env\u00edo un mensaje de paz,<span class=\"excerpt-hellip\"> [\u2026]<\/span><\/p>\n","protected":false},"author":1,"featured_media":15468,"comment_status":"closed","ping_status":"closed","sticky":false,"template":"","format":"standard","meta":[],"categories":[7,14],"tags":[],"_links":{"self":[{"href":"https:\/\/www.arquidiocesismty.org\/arquimty\/wp-json\/wp\/v2\/posts\/15466"}],"collection":[{"href":"https:\/\/www.arquidiocesismty.org\/arquimty\/wp-json\/wp\/v2\/posts"}],"about":[{"href":"https:\/\/www.arquidiocesismty.org\/arquimty\/wp-json\/wp\/v2\/types\/post"}],"author":[{"embeddable":true,"href":"https:\/\/www.arquidiocesismty.org\/arquimty\/wp-json\/wp\/v2\/users\/1"}],"replies":[{"embeddable":true,"href":"https:\/\/www.arquidiocesismty.org\/arquimty\/wp-json\/wp\/v2\/comments?post=15466"}],"version-history":[{"count":1,"href":"https:\/\/www.arquidiocesismty.org\/arquimty\/wp-json\/wp\/v2\/posts\/15466\/revisions"}],"predecessor-version":[{"id":15467,"href":"https:\/\/www.arquidiocesismty.org\/arquimty\/wp-json\/wp\/v2\/posts\/15466\/revisions\/15467"}],"wp:featuredmedia":[{"embeddable":true,"href":"https:\/\/www.arquidiocesismty.org\/arquimty\/wp-json\/wp\/v2\/media\/15468"}],"wp:attachment":[{"href":"https:\/\/www.arquidiocesismty.org\/arquimty\/wp-json\/wp\/v2\/media?parent=15466"}],"wp:term":[{"taxonomy":"category","embeddable":true,"href":"https:\/\/www.arquidiocesismty.org\/arquimty\/wp-json\/wp\/v2\/categories?post=15466"},{"taxonomy":"post_tag","embeddable":true,"href":"https:\/\/www.arquidiocesismty.org\/arquimty\/wp-json\/wp\/v2\/tags?post=15466"}],"curies":[{"name":"wp","href":"https:\/\/api.w.org\/{rel}","templated":true}]}}