{"id":15463,"date":"2022-03-17T18:00:16","date_gmt":"2022-03-17T18:00:16","guid":{"rendered":"https:\/\/www.arquidiocesismty.org\/arquimty\/?p=15463"},"modified":"2022-03-17T19:56:36","modified_gmt":"2022-03-18T01:56:36","slug":"se-llevara-a-cabo-fiesta-por-la-vida","status":"publish","type":"post","link":"https:\/\/www.arquidiocesismty.org\/arquimty\/se-llevara-a-cabo-fiesta-por-la-vida\/","title":{"rendered":"SE LLEVAR\u00c1 A CABO FIESTA POR LA VIDA"},"content":{"rendered":"<p><em>Por: Juan Pablo V\u00e1zquez Rodr\u00edguez<\/em><br \/>\n<em>Monterrey, N.L. (www.pastoralsiglo21.org).- 17 de marzo del 2022<\/em><\/p>\n<p>La Dimensi\u00f3n Vida de la Arquidi\u00f3cesis de Monterrey, invita a la comunidad a participar en la Fiesta por la vida, para celebrar la alegr\u00eda y belleza de la vida humana y seguir formando la Cultura de la Vida en nuestra Sociedad.<\/p>\n<p><strong>\u201cHoy m\u00e1s que nunca necesitamos rescatar la dignidad y el valor de la vida humana en todas sus etapas y circunstancias. Pongamos nuestro granito de arena en esta noble causa\u201d, se\u00f1al\u00f3 el padre Josu\u00e9 Loredo responsable de la Comisi\u00f3n de Vida de la Arquidi\u00f3cesis de Monterrey.<\/strong><\/p>\n<p>El padre Josu\u00e9, comparti\u00f3 para Pastoral Siglo XXI que habr\u00e1 m\u00fasica, testimonios, globos, mucha alegr\u00eda y queremos que todas las familias, j\u00f3venes y matrimonios nos acompa\u00f1en.<\/p>\n<p>La cita es el s\u00e1bado 26 de marzo, de 5:00pm a 7:00pm en la Bas\u00edlica de Guadalupe de la Colonia Independencia.<\/p>\n","protected":false},"excerpt":{"rendered":"<p>Por: Juan Pablo V\u00e1zquez Rodr\u00edguez Monterrey, N.L. (www.pastoralsiglo21.org).- 17 de marzo del 2022 La Dimensi\u00f3n Vida de la Arquidi\u00f3cesis de Monterrey, invita a la comunidad a<span class=\"excerpt-hellip\"> [\u2026]<\/span><\/p>\n","protected":false},"author":1,"featured_media":0,"comment_status":"closed","ping_status":"closed","sticky":false,"template":"","format":"standard","meta":[],"categories":[7,14],"tags":[],"_links":{"self":[{"href":"https:\/\/www.arquidiocesismty.org\/arquimty\/wp-json\/wp\/v2\/posts\/15463"}],"collection":[{"href":"https:\/\/www.arquidiocesismty.org\/arquimty\/wp-json\/wp\/v2\/posts"}],"about":[{"href":"https:\/\/www.arquidiocesismty.org\/arquimty\/wp-json\/wp\/v2\/types\/post"}],"author":[{"embeddable":true,"href":"https:\/\/www.arquidiocesismty.org\/arquimty\/wp-json\/wp\/v2\/users\/1"}],"replies":[{"embeddable":true,"href":"https:\/\/www.arquidiocesismty.org\/arquimty\/wp-json\/wp\/v2\/comments?post=15463"}],"version-history":[{"count":1,"href":"https:\/\/www.arquidiocesismty.org\/arquimty\/wp-json\/wp\/v2\/posts\/15463\/revisions"}],"predecessor-version":[{"id":15464,"href":"https:\/\/www.arquidiocesismty.org\/arquimty\/wp-json\/wp\/v2\/posts\/15463\/revisions\/15464"}],"wp:attachment":[{"href":"https:\/\/www.arquidiocesismty.org\/arquimty\/wp-json\/wp\/v2\/media?parent=15463"}],"wp:term":[{"taxonomy":"category","embeddable":true,"href":"https:\/\/www.arquidiocesismty.org\/arquimty\/wp-json\/wp\/v2\/categories?post=15463"},{"taxonomy":"post_tag","embeddable":true,"href":"https:\/\/www.arquidiocesismty.org\/arquimty\/wp-json\/wp\/v2\/tags?post=15463"}],"curies":[{"name":"wp","href":"https:\/\/api.w.org\/{rel}","templated":true}]}}