{"id":15454,"date":"2022-03-17T12:20:16","date_gmt":"2022-03-17T12:20:16","guid":{"rendered":"https:\/\/www.arquidiocesismty.org\/arquimty\/?p=15454"},"modified":"2022-03-17T12:18:49","modified_gmt":"2022-03-17T18:18:49","slug":"dia-historico-para-la-escuela-de-teologia-papa-francisco-y-la-iglesia-de-monterrey","status":"publish","type":"post","link":"https:\/\/www.arquidiocesismty.org\/arquimty\/dia-historico-para-la-escuela-de-teologia-papa-francisco-y-la-iglesia-de-monterrey\/","title":{"rendered":"D\u00cdA HISTORICO PARA LA ESCUELA DE TEOLOG\u00cdA PAPA FRANCISCO Y LA IGLESIA DE MONTERREY"},"content":{"rendered":"<p><em>Por: Debany Vald\u00e9s\u00a0<\/em><br \/>\n<em>Monterrey, N.L. (www.pastoralsiglo21.org).- 14 de marzo del 2022<\/em><\/p>\n<p><strong>Mons. Rogelio Cabrera L\u00f3pez, Arzobispo de Monterrey se reuni\u00f3 con Mons. Mario Iceta Gavicagogeascoa Arzobispo de Burgos, para celebrar esta ma\u00f1ana la aprobaci\u00f3n de la afiliaci\u00f3n entre el Seminario de Monterrey y la Facultad de Teolog\u00eda de la Universidad Pontificia del Norte de Espa\u00f1a, sede Burgos, en la Casa de la Iglesia en Burgos Espa\u00f1a.<\/strong><\/p>\n<p><img decoding=\"async\" loading=\"lazy\" class=\"size-medium wp-image-15458 alignright\" src=\"https:\/\/www.arquidiocesismty.org\/arquimty\/wp-content\/uploads\/2022\/03\/photo5015213413411957063-300x169.jpg\" alt=\"\" width=\"300\" height=\"169\" srcset=\"https:\/\/www.arquidiocesismty.org\/arquimty\/wp-content\/uploads\/2022\/03\/photo5015213413411957063-300x169.jpg 300w, https:\/\/www.arquidiocesismty.org\/arquimty\/wp-content\/uploads\/2022\/03\/photo5015213413411957063-768x432.jpg 768w, https:\/\/www.arquidiocesismty.org\/arquimty\/wp-content\/uploads\/2022\/03\/photo5015213413411957063-260x146.jpg 260w, https:\/\/www.arquidiocesismty.org\/arquimty\/wp-content\/uploads\/2022\/03\/photo5015213413411957063-50x28.jpg 50w, https:\/\/www.arquidiocesismty.org\/arquimty\/wp-content\/uploads\/2022\/03\/photo5015213413411957063-133x75.jpg 133w, https:\/\/www.arquidiocesismty.org\/arquimty\/wp-content\/uploads\/2022\/03\/photo5015213413411957063.jpg 1280w\" sizes=\"(max-width: 300px) 100vw, 300px\" \/><\/p>\n<p>La Arquidi\u00f3cesis de Monterrey, el pasado 1 de julio del 2021 present\u00f3 la Escuela de Teolog\u00eda Papa Francisco, como primer paso de esta afiliaci\u00f3n, y la cual espera m\u00e1s adelante convertirse en Centro Teol\u00f3gico, hasta lograr llegar a ser Facultad de Teolog\u00eda Pontificia.<\/p>\n<p><strong>Esta afiliaci\u00f3n permitir\u00e1 a los alumnos, seminaristas, consagradas y consagrados, laicos y laicas, cl\u00e9rigos que estudien en la escuela de teolog\u00eda Papa Francisco accedan a la doble titulaci\u00f3n: Bachillerato Pontificio en Teolog\u00eda, reconocido por la Santa Sede, y Licenciatura en Teolog\u00eda, reconocido por la Secretar\u00eda de Educaci\u00f3n P\u00fablica de nuestro pa\u00eds.<\/strong><\/p>\n<p>La Congregaci\u00f3n para la Educaci\u00f3n Cat\u00f3lica de la Santa Sede ratific\u00f3 con un decreto que se ley\u00f3 en esta reuni\u00f3n este hermanamiento determinando de este modo las bases para futuras colaboraciones entre las dos sedes teol\u00f3gicas ya antes mencionadas.<\/p>\n<p>En este encuentro, tambi\u00e9n estuvieron presentes, <strong>Mons. Juan Armando P\u00e9rez Talamantes, Obispo Auxiliar de Monterrey, el Pbro. Dr. Carlos Alberto Santos, rector del Seminario de Monterrey y el Pbro. Dr. Vicente D\u00edaz Aldaco miembros del Consejo de Teolog\u00eda, director de la Escuela de Teolog\u00eda Papa Francisco, y miembros del Consejo de la Facultad de Teolog\u00eda en Burgos.<\/strong><\/p>\n<p><img decoding=\"async\" loading=\"lazy\" class=\"size-medium wp-image-15459 alignleft\" src=\"https:\/\/www.arquidiocesismty.org\/arquimty\/wp-content\/uploads\/2022\/03\/photo5015213413411957061-300x169.jpg\" alt=\"\" width=\"300\" height=\"169\" srcset=\"https:\/\/www.arquidiocesismty.org\/arquimty\/wp-content\/uploads\/2022\/03\/photo5015213413411957061-300x169.jpg 300w, https:\/\/www.arquidiocesismty.org\/arquimty\/wp-content\/uploads\/2022\/03\/photo5015213413411957061-768x432.jpg 768w, https:\/\/www.arquidiocesismty.org\/arquimty\/wp-content\/uploads\/2022\/03\/photo5015213413411957061-260x146.jpg 260w, https:\/\/www.arquidiocesismty.org\/arquimty\/wp-content\/uploads\/2022\/03\/photo5015213413411957061-50x28.jpg 50w, https:\/\/www.arquidiocesismty.org\/arquimty\/wp-content\/uploads\/2022\/03\/photo5015213413411957061-133x75.jpg 133w, https:\/\/www.arquidiocesismty.org\/arquimty\/wp-content\/uploads\/2022\/03\/photo5015213413411957061.jpg 1280w\" sizes=\"(max-width: 300px) 100vw, 300px\" \/><\/p>\n<p>Mons. Rogelio Cabrera hace algunos meses comparti\u00f3 la invitaci\u00f3n y la importancia de formar parte de esta Escuela de Teolog\u00eda:<\/p>\n<p>\u201cEsta escuela, tiene como objetivo el que por medio de la investigaci\u00f3n, la ense\u00f1anza y la difusi\u00f3n de las ciencias teol\u00f3gicas, se fortalezca el conocimiento y la vivencia de la fe y la doctrina cristiana, fundamentada en los documentos del Papa Francisco y del Magisterio de la Iglesia\u201d.<\/p>\n<p>Felicitamos a la Arquidi\u00f3cesis de Monterrey por este momento y gran paso para la historia de la educaci\u00f3n en la Iglesia de M\u00e9xico.<\/p>\n","protected":false},"excerpt":{"rendered":"<p>Por: Debany Vald\u00e9s\u00a0 Monterrey, N.L. (www.pastoralsiglo21.org).- 14 de marzo del 2022 Mons. Rogelio Cabrera L\u00f3pez, Arzobispo de Monterrey se reuni\u00f3 con Mons. Mario Iceta Gavicagogeascoa Arzobispo<span class=\"excerpt-hellip\"> [\u2026]<\/span><\/p>\n","protected":false},"author":1,"featured_media":15456,"comment_status":"closed","ping_status":"closed","sticky":false,"template":"","format":"standard","meta":[],"categories":[7,14],"tags":[],"_links":{"self":[{"href":"https:\/\/www.arquidiocesismty.org\/arquimty\/wp-json\/wp\/v2\/posts\/15454"}],"collection":[{"href":"https:\/\/www.arquidiocesismty.org\/arquimty\/wp-json\/wp\/v2\/posts"}],"about":[{"href":"https:\/\/www.arquidiocesismty.org\/arquimty\/wp-json\/wp\/v2\/types\/post"}],"author":[{"embeddable":true,"href":"https:\/\/www.arquidiocesismty.org\/arquimty\/wp-json\/wp\/v2\/users\/1"}],"replies":[{"embeddable":true,"href":"https:\/\/www.arquidiocesismty.org\/arquimty\/wp-json\/wp\/v2\/comments?post=15454"}],"version-history":[{"count":2,"href":"https:\/\/www.arquidiocesismty.org\/arquimty\/wp-json\/wp\/v2\/posts\/15454\/revisions"}],"predecessor-version":[{"id":15460,"href":"https:\/\/www.arquidiocesismty.org\/arquimty\/wp-json\/wp\/v2\/posts\/15454\/revisions\/15460"}],"wp:featuredmedia":[{"embeddable":true,"href":"https:\/\/www.arquidiocesismty.org\/arquimty\/wp-json\/wp\/v2\/media\/15456"}],"wp:attachment":[{"href":"https:\/\/www.arquidiocesismty.org\/arquimty\/wp-json\/wp\/v2\/media?parent=15454"}],"wp:term":[{"taxonomy":"category","embeddable":true,"href":"https:\/\/www.arquidiocesismty.org\/arquimty\/wp-json\/wp\/v2\/categories?post=15454"},{"taxonomy":"post_tag","embeddable":true,"href":"https:\/\/www.arquidiocesismty.org\/arquimty\/wp-json\/wp\/v2\/tags?post=15454"}],"curies":[{"name":"wp","href":"https:\/\/api.w.org\/{rel}","templated":true}]}}