{"id":15452,"date":"2022-03-16T19:05:09","date_gmt":"2022-03-16T19:05:09","guid":{"rendered":"https:\/\/www.arquidiocesismty.org\/arquimty\/?p=15452"},"modified":"2022-03-17T11:17:25","modified_gmt":"2022-03-17T17:17:25","slug":"obispos-orientan-sobre-la-revocacion-de-mandato","status":"publish","type":"post","link":"https:\/\/www.arquidiocesismty.org\/arquimty\/obispos-orientan-sobre-la-revocacion-de-mandato\/","title":{"rendered":"OBISPOS ORIENTAN SOBRE LA REVOCACI\u00d3N DE MANDATO"},"content":{"rendered":"<p><em>Por: Juan Pablo V\u00e1zquez Rodr\u00edguez<\/em><br \/>\n<em>Monterrey, N.L. (www.pastoralsiglo21.org).- 16 de marzo del 2022<\/em><\/p>\n<p>A menos de un mes de que se realice la consulta sobre la revocaci\u00f3n de mandato del presidente de M\u00e9xico, Andr\u00e9s Manuel L\u00f3pez Obrador, la Conferencia del Episcopado Mexicano (CEM) emiti\u00f3 ayer un comunicado en el que llamaron a los fieles cat\u00f3licos \u201ca discernir en ambiente de oraci\u00f3n, delante de Dios\u201d si deben participar o no.<\/p>\n<p>En el mensaje, los obispos de M\u00e9xico se\u00f1alaron que al ser \u201cla primera vez que se realiza este ejercicio democr\u00e1tico, muchos han expresado su opini\u00f3n sobre la responsabilidad que tenemos y el modo de participar\u201d.<\/p>\n<p>\u201cAl respecto, los obispos mexicanos les invitamos a discernir en ambiente de oraci\u00f3n, delante de Dios, para que cada uno decida si ha de participar o no, y en caso de hacerlo, en qu\u00e9 sentido deber\u00e1 emitir su voto. Se trata de una decisi\u00f3n de gran responsabilidad. Busquemos todos lo que m\u00e1s le conviene a M\u00e9xico\u201d, expresaron.<\/p>\n<p>En su comunicado de ayer, los obispos mexicanos agradecieron a Dios \u201cpor la maduraci\u00f3n democr\u00e1tica en M\u00e9xico, que nos permite contar con el Instituto Nacional Electoral como \u00e1rbitro responsable de cada proceso electivo\u201d. Esto, dijeron, \u201cha sido un gran logro y ejemplo de democracia reconocido por muchas naciones\u201d.<\/p>\n<p>Los obispos subrayaron que \u201clos mexicanos somos un solo pueblo que ha de mantenerse unido, y todos los bautizados hemos de contribuir a esa unidad\u201d.<\/p>\n<p>\u201cSomos una raza, con su propia historia, sus valores y sus principios, de modo que no hemos de permitir que nada ni nadie nos divida\u201d, expresaron.<\/p>\n","protected":false},"excerpt":{"rendered":"<p>Por: Juan Pablo V\u00e1zquez Rodr\u00edguez Monterrey, N.L. (www.pastoralsiglo21.org).- 16 de marzo del 2022 A menos de un mes de que se realice la consulta sobre la<span class=\"excerpt-hellip\"> [\u2026]<\/span><\/p>\n","protected":false},"author":1,"featured_media":0,"comment_status":"closed","ping_status":"closed","sticky":false,"template":"","format":"standard","meta":[],"categories":[110,14],"tags":[],"_links":{"self":[{"href":"https:\/\/www.arquidiocesismty.org\/arquimty\/wp-json\/wp\/v2\/posts\/15452"}],"collection":[{"href":"https:\/\/www.arquidiocesismty.org\/arquimty\/wp-json\/wp\/v2\/posts"}],"about":[{"href":"https:\/\/www.arquidiocesismty.org\/arquimty\/wp-json\/wp\/v2\/types\/post"}],"author":[{"embeddable":true,"href":"https:\/\/www.arquidiocesismty.org\/arquimty\/wp-json\/wp\/v2\/users\/1"}],"replies":[{"embeddable":true,"href":"https:\/\/www.arquidiocesismty.org\/arquimty\/wp-json\/wp\/v2\/comments?post=15452"}],"version-history":[{"count":1,"href":"https:\/\/www.arquidiocesismty.org\/arquimty\/wp-json\/wp\/v2\/posts\/15452\/revisions"}],"predecessor-version":[{"id":15453,"href":"https:\/\/www.arquidiocesismty.org\/arquimty\/wp-json\/wp\/v2\/posts\/15452\/revisions\/15453"}],"wp:attachment":[{"href":"https:\/\/www.arquidiocesismty.org\/arquimty\/wp-json\/wp\/v2\/media?parent=15452"}],"wp:term":[{"taxonomy":"category","embeddable":true,"href":"https:\/\/www.arquidiocesismty.org\/arquimty\/wp-json\/wp\/v2\/categories?post=15452"},{"taxonomy":"post_tag","embeddable":true,"href":"https:\/\/www.arquidiocesismty.org\/arquimty\/wp-json\/wp\/v2\/tags?post=15452"}],"curies":[{"name":"wp","href":"https:\/\/api.w.org\/{rel}","templated":true}]}}