{"id":15446,"date":"2022-03-13T12:45:55","date_gmt":"2022-03-13T12:45:55","guid":{"rendered":"https:\/\/www.arquidiocesismty.org\/arquimty\/?p=15446"},"modified":"2022-03-14T16:28:20","modified_gmt":"2022-03-14T22:28:20","slug":"invita-arzobispo-a-exposicion-temporal-costuras-del-cielo","status":"publish","type":"post","link":"https:\/\/www.arquidiocesismty.org\/arquimty\/invita-arzobispo-a-exposicion-temporal-costuras-del-cielo\/","title":{"rendered":"INVITA ARZOBISPO A EXPOSICI\u00d3N TEMPORAL \u201cCOSTURAS DEL CIELO\u201d"},"content":{"rendered":"<p><em>Por: Juan Pablo V\u00e1zquez Rodr\u00edguez<\/em><br \/>\n<em>Monterrey, N.L. (www.pastoralsiglo21.org).- 13 de marzo del 2022<\/em><\/p>\n<p>Este domingo, d\u00eda del del Patrimonio Cultural de Nuevo Le\u00f3n, el Arzobispo de Monterrey, Mons. Rogelio Cabrera, a trav\u00e9s de su tradicional mensaje en la red social de Facebook, invit\u00f3 a la comunidad a visitar una hermosa exposici\u00f3n del Museo Arquidiocesano de Arte Sacro.<\/p>\n<p><strong>\u201cA prop\u00f3sito de la celebraci\u00f3n del d\u00eda del Patrimonio Cultural, deseo invitarles a visitar nuestro Museo Arquidiocesano de Arte Sacro, ubicado a un costado de la Bas\u00edlica del Roble, en el centro de la Ciudad, d\u00f3nde se realiza la exposici\u00f3n temporal \u201cCosturas del Cielo. El ajuar de la Virgen del Roble\u201d. En d\u00f3nde podemos contemplar entre otros objetos y pinturas, algunos de ellos son m\u00e1s antiguos que ha vestido la imagen de la Virgen\u201d, se\u00f1al\u00f3 el Arzobispo.<\/strong><\/p>\n<p>\u201cEsta exposici\u00f3n, cuya entrada es gratuita, busca motivarnos a fortalecer nuestra devoci\u00f3n a la Patrona de nuestra Arquidi\u00f3cesis\u201d, a\u00f1adi\u00f3.<\/p>\n","protected":false},"excerpt":{"rendered":"<p>Por: Juan Pablo V\u00e1zquez Rodr\u00edguez Monterrey, N.L. (www.pastoralsiglo21.org).- 13 de marzo del 2022 Este domingo, d\u00eda del del Patrimonio Cultural de Nuevo Le\u00f3n, el Arzobispo de<span class=\"excerpt-hellip\"> [\u2026]<\/span><\/p>\n","protected":false},"author":1,"featured_media":15448,"comment_status":"closed","ping_status":"closed","sticky":false,"template":"","format":"standard","meta":[],"categories":[7,14],"tags":[],"_links":{"self":[{"href":"https:\/\/www.arquidiocesismty.org\/arquimty\/wp-json\/wp\/v2\/posts\/15446"}],"collection":[{"href":"https:\/\/www.arquidiocesismty.org\/arquimty\/wp-json\/wp\/v2\/posts"}],"about":[{"href":"https:\/\/www.arquidiocesismty.org\/arquimty\/wp-json\/wp\/v2\/types\/post"}],"author":[{"embeddable":true,"href":"https:\/\/www.arquidiocesismty.org\/arquimty\/wp-json\/wp\/v2\/users\/1"}],"replies":[{"embeddable":true,"href":"https:\/\/www.arquidiocesismty.org\/arquimty\/wp-json\/wp\/v2\/comments?post=15446"}],"version-history":[{"count":1,"href":"https:\/\/www.arquidiocesismty.org\/arquimty\/wp-json\/wp\/v2\/posts\/15446\/revisions"}],"predecessor-version":[{"id":15447,"href":"https:\/\/www.arquidiocesismty.org\/arquimty\/wp-json\/wp\/v2\/posts\/15446\/revisions\/15447"}],"wp:featuredmedia":[{"embeddable":true,"href":"https:\/\/www.arquidiocesismty.org\/arquimty\/wp-json\/wp\/v2\/media\/15448"}],"wp:attachment":[{"href":"https:\/\/www.arquidiocesismty.org\/arquimty\/wp-json\/wp\/v2\/media?parent=15446"}],"wp:term":[{"taxonomy":"category","embeddable":true,"href":"https:\/\/www.arquidiocesismty.org\/arquimty\/wp-json\/wp\/v2\/categories?post=15446"},{"taxonomy":"post_tag","embeddable":true,"href":"https:\/\/www.arquidiocesismty.org\/arquimty\/wp-json\/wp\/v2\/tags?post=15446"}],"curies":[{"name":"wp","href":"https:\/\/api.w.org\/{rel}","templated":true}]}}