{"id":15443,"date":"2022-03-13T10:40:16","date_gmt":"2022-03-13T10:40:16","guid":{"rendered":"https:\/\/www.arquidiocesismty.org\/arquimty\/?p=15443"},"modified":"2022-03-14T16:23:51","modified_gmt":"2022-03-14T22:23:51","slug":"agradece-arzobispo-a-jovenes-que-acudieron-a-rehabilitar-la-catedral-de-monterrey","status":"publish","type":"post","link":"https:\/\/www.arquidiocesismty.org\/arquimty\/agradece-arzobispo-a-jovenes-que-acudieron-a-rehabilitar-la-catedral-de-monterrey\/","title":{"rendered":"AGRADECE ARZOBISPO A J\u00d3VENES QUE ACUDIERON A REHABILITAR LA CATEDRAL DE MONTERREY"},"content":{"rendered":"<p><em>Por: Juan Pablo V\u00e1zquez Rodr\u00edguez<\/em><br \/>\n<em>Monterrey, N.L. (www.pastoralsiglo21.org).- 13 de marzo del 2022<\/em><\/p>\n<p>En su tradicional mensaje dominical, el Arzobispo de Monterrey, Mons. Rogelio Cabrera, agradeci\u00f3 a los j\u00f3venes que el pasado mi\u00e9rcoles, acudieron de manera espont\u00e1nea a brindar apoyo para limpiar, pintar y rehabilitar las afectaciones que sufri\u00f3 la Catedral de Monterrey el martes por la noche.<\/p>\n<p><strong>\u201cQuiero agradecer a los j\u00f3venes, qu\u00e9 voluntariamente se hicieron presentes en nuestra Catedral, para pintar la barda principal, la cual fue maltratada en d\u00edas pasados, gracias por su testimonio y Dios premie su generosidad\u201d.<\/strong><\/p>\n<p>Igualmente, durante esta semana por medio de redes sociales, la comunidad se ha sumado ha este agradecimiento a los j\u00f3venes por su testimonio, trabajo y ser signo de esperanza.<\/p>\n<p>#IglesiaDeMonterrey<\/p>\n","protected":false},"excerpt":{"rendered":"<p>Por: Juan Pablo V\u00e1zquez Rodr\u00edguez Monterrey, N.L. (www.pastoralsiglo21.org).- 13 de marzo del 2022 En su tradicional mensaje dominical, el Arzobispo de Monterrey, Mons. Rogelio Cabrera, agradeci\u00f3<span class=\"excerpt-hellip\"> [\u2026]<\/span><\/p>\n","protected":false},"author":1,"featured_media":15445,"comment_status":"closed","ping_status":"closed","sticky":false,"template":"","format":"standard","meta":[],"categories":[7,14],"tags":[],"_links":{"self":[{"href":"https:\/\/www.arquidiocesismty.org\/arquimty\/wp-json\/wp\/v2\/posts\/15443"}],"collection":[{"href":"https:\/\/www.arquidiocesismty.org\/arquimty\/wp-json\/wp\/v2\/posts"}],"about":[{"href":"https:\/\/www.arquidiocesismty.org\/arquimty\/wp-json\/wp\/v2\/types\/post"}],"author":[{"embeddable":true,"href":"https:\/\/www.arquidiocesismty.org\/arquimty\/wp-json\/wp\/v2\/users\/1"}],"replies":[{"embeddable":true,"href":"https:\/\/www.arquidiocesismty.org\/arquimty\/wp-json\/wp\/v2\/comments?post=15443"}],"version-history":[{"count":1,"href":"https:\/\/www.arquidiocesismty.org\/arquimty\/wp-json\/wp\/v2\/posts\/15443\/revisions"}],"predecessor-version":[{"id":15444,"href":"https:\/\/www.arquidiocesismty.org\/arquimty\/wp-json\/wp\/v2\/posts\/15443\/revisions\/15444"}],"wp:featuredmedia":[{"embeddable":true,"href":"https:\/\/www.arquidiocesismty.org\/arquimty\/wp-json\/wp\/v2\/media\/15445"}],"wp:attachment":[{"href":"https:\/\/www.arquidiocesismty.org\/arquimty\/wp-json\/wp\/v2\/media?parent=15443"}],"wp:term":[{"taxonomy":"category","embeddable":true,"href":"https:\/\/www.arquidiocesismty.org\/arquimty\/wp-json\/wp\/v2\/categories?post=15443"},{"taxonomy":"post_tag","embeddable":true,"href":"https:\/\/www.arquidiocesismty.org\/arquimty\/wp-json\/wp\/v2\/tags?post=15443"}],"curies":[{"name":"wp","href":"https:\/\/api.w.org\/{rel}","templated":true}]}}