{"id":15437,"date":"2022-03-12T11:35:19","date_gmt":"2022-03-12T11:35:19","guid":{"rendered":"https:\/\/www.arquidiocesismty.org\/arquimty\/?p=15437"},"modified":"2022-03-12T11:31:00","modified_gmt":"2022-03-12T17:31:00","slug":"dan-voz-a-ucrania-congo-y-haiti-con-testimonio-de-tres-sacerdotes-en-parroquia-santa-maria-reina-de-paz-en-monterrey","status":"publish","type":"post","link":"https:\/\/www.arquidiocesismty.org\/arquimty\/dan-voz-a-ucrania-congo-y-haiti-con-testimonio-de-tres-sacerdotes-en-parroquia-santa-maria-reina-de-paz-en-monterrey\/","title":{"rendered":"DAN VOZ A UCRANIA, CONGO Y HAIT\u00cd CON TESTIMONIO DE TRES SACERDOTES  EN PARROQUIA SANTA MARIA REINA DE PAZ EN MONTERREY"},"content":{"rendered":"<p><em>Por: Debany Vald\u00e9s<\/em><br \/>\n<em>Monterrey, N.L. (www.pastoralsiglo21.org).- 12 de marzo del 2022<\/em><\/p>\n<p><strong>Ayer viernes por la noche se vivi\u00f3 un evento muy especial en la Parroquia Santa Mar\u00eda Reina de la Paz en Monterrey: \u201c<em>La Noche de los Testigos<\/em>\u201d vigilia de oraci\u00f3n, enmarcada con m\u00fasica y testimonios de la Iglesia que sufre necesidad o persecuci\u00f3n y violencia en todo el mundo.<\/strong><\/p>\n<p>En esta ocasi\u00f3n, al ser la 4ta edici\u00f3n que se lleva a cabo aqu\u00ed en Monterrey, se cont\u00f3 con la presencia y participaci\u00f3n de tres sacerdotes: <strong>Padre P\u00e9n\u00e8s C\u00e9lestin, sacerdote de Hait\u00ed, Padre Dieudonne Rizinde, sacerdote de la Rep\u00fablica Democr\u00e1tica del Congo y el Padre Dimitro Kiyashko, sacerdote ucraniano del rito greco-cat\u00f3lico.<\/strong><\/p>\n<p>Despu\u00e9s de una rueda de prensa en la que Dominik Kustra y Julieta Appendini ambos de parte de ACN presentaran este evento y a sus participantes, se ofreci\u00f3 una misa presidida por el Padre Dieudonne Rizinde, sin embargo, la homil\u00eda fue brindada por el <strong>Pbro. Anuar Tofic Canavati, p\u00e1rroco de Santa Mar\u00eda Reina de la paz,<\/strong> quien comparti\u00f3 la importancia de la universalidad de nuestra Iglesia Cat\u00f3lica, que se ve reflejada con este evento:<\/p>\n<p><strong>\u201cCuando hablamos de la palabra Cat\u00f3lica, hablamos de que es una Iglesia, una comunidad creyente universal. No se reduce a un pueblo concreto, no se reduce a un nivel socioecon\u00f3mico, cultural o alguna lengua, es para todos. La salvaci\u00f3n y el conocimiento de la verdad en Cristo es para todos\u201d.<\/strong><\/p>\n<p>\u201cEsta es nuestra Iglesia Cat\u00f3lica es una sola, es la que camina en busca de encontrar la Palabra de Dios para salir a anunciar, para salir a dar esperanza al pueblo que sufre, hoy de manera muy especial para pedir por estos 5 pa\u00edses representados, Hait\u00ed, Rep\u00fablica del Congo, Ucrania, Polonia y M\u00e9xico\u201d.<\/p>\n<p>Despu\u00e9s de la celebraci\u00f3n, los tres sacerdotes invitados compartieron la realidad que se vive en su pa\u00eds, el dolor, el sufrimiento y los ataques a los que se enfrentan.<\/p>\n<p><strong>El primero en dar su testimonio fue el sacerdote de la Rep\u00fablica Democr\u00e1tica del Congo Dieudonne Rizinde<\/strong>, que en un espa\u00f1ol casi perfecto, relat\u00f3 la historia en la que desafortunadamente perdi\u00f3 la vida su hermano mayor de tan solo 18 a\u00f1os por los estragos de la carencia, como se apagaron los sue\u00f1os tras la llegada de la guerra y tener que huir, las guerrillas se apoderan del Congo por la Codicia:<\/p>\n<p><strong>El lema que eligi\u00f3 el Padre Rizinde en su ordenaci\u00f3n sacerdotal fue con el prop\u00f3sito de agradecer a Dios por lo que ha hecho por \u00e9l: \u201cAlzar\u00e9 la copa de la salvaci\u00f3n e invocar\u00e9 el nombre del Se\u00f1or\u201d Sal. 116.<\/strong><\/p>\n<p>\u201cPero en todo esto aprend\u00ed una cosa, sufr\u00ed y tuve la suerte de salir, pero no sales para hacer sufrir a los dem\u00e1s sino que para dar testimonio de que el bien siempre vence, es el mensaje que brindo a ustedes\u201d.<\/p>\n<p>Pidi\u00f3 la oraci\u00f3n constante por el este de \u00c1frica para que cese la guerra, por los cristianos cat\u00f3licos que hoy en d\u00eda sufren por la invasi\u00f3n del extremismo Isl\u00e1mico y se\u00f1al\u00f3:<\/p>\n<p>\u201cEl mundo nos ataca a nosotros, pero nosotros c\u00f3mo hacemos, qu\u00e9 mensaje de la Iglesia daremos, el amor siempre vence, ahora proclamando un mensaje de reconciliaci\u00f3n y de paz y teniendo siempre con vigor un mensaje prof\u00e9tico, esto es la esperanza. Cuando todo se cae, la Iglesia aunque tenga muchos ataques en el medio social, la Iglesia siempre ha sido el primero para levantar a los pobres\u201d.<\/p>\n<p>Al finalizar su testimonio Dominik solicit\u00f3 al Padre Dieudonne rezar un Padre Nuestro en su idioma natal y a la comunidad seguir los movimientos que el hiciera en modo de oraci\u00f3n por el continente Africano.<\/p>\n<p>Posteriormente, <strong>el Padre P\u00e9n\u00e8s C\u00e9lestin con alegr\u00eda comparti\u00f3 el orgullo de ser Haitiano<\/strong>, al ser la primera naci\u00f3n negra en liberar la esclavitud, pero tambi\u00e9n se\u00f1al\u00f3 que con tristeza compartir\u00e1 la realidad actual del pa\u00eds, que desde hace a\u00f1os sufre por la falta de hogares, la pobreza y la inseguridad que se da a ra\u00edz de 4 acontecimientos desastrosos: el Terremoto de Enero del 2010 sismo de magnitud 7 a 7.34 en el que murieron cientos de miles de personas; el terremoto de 14 de agosto del 2021 agravo la situaci\u00f3n que ya ven\u00eda arrastrando desde el primer terremoto, pero por la falta de esperanza creci\u00f3 la inseguridad, la violencia y la corrupci\u00f3n, el hurac\u00e1n Matthew del 2016.<\/p>\n<p>La Iglesia sufre junto con su comunidad, la Catedral, el templo \u201cprincipal\u201d de la di\u00f3cesis de Haiti fue destruida por el ultimo y violento terremoto y es fecha que no se ha podido reconstruir. Por tanto, las actividades y celebraciones han sido muy pocas, se busc\u00f3 un nuevo lugar donde realizarlas sin embargo no se puede atender ni a la mitad de la feligres\u00eda que ten\u00edan antes.<\/p>\n<p><strong>\u201cComo haitiano y tambi\u00e9n sacerdote es triste describir la realidad de mi pa\u00eds de esta manera, lo siento mucho, pero a partir de todo esto podemos entender m\u00e1s o menos que el pueblo haitiano es un pueblo que lucha para sobrevivir cada d\u00eda, de verdad la fuerza del pueblo haitiano es su fe, porque es un pueblo que reza mucho y cree mucho en Dios, por ultimo doy las gracias a Ayuda de la Iglesia Necesitada por todos los donativos realizados a la Iglesia de Hait\u00ed en General\u201d<\/strong> extern\u00f3 el Padre P\u00e9n\u00e8s y para finalizar su mensaje se\u00f1al\u00f3 \u201cAntes de terminar quiero pedirles un favor, por favor recen por Hait\u00ed\u201d.<\/p>\n<p>Por \u00faltimo, <strong>el Padre Dimitro Kiyashko, sacerdote ucraniano del rito greco-cat\u00f3lico<\/strong>, explic\u00f3 principalmente lo que es su Iglesia, la cual es una de las 24 Iglesias Orientales que la Iglesia Cat\u00f3lica permite.<\/p>\n<p>Los \u00faltimos 15 d\u00edas la tierra Ucraniana est\u00e1 en guerra por los ataques que ha sufrido por parte de Rusia, \u201cguerra sin sentido\u201d mencion\u00f3 el Padre Dimitro, quien tambi\u00e9n se\u00f1al\u00f3 que su pueblo es un pueblo pac\u00edfico que lo \u00fanico que hoy en d\u00eda est\u00e1 haciendo es proteger su cultura, sus tradiciones, sus idiomas, su religi\u00f3n y su tierra.<\/p>\n<p><strong>\u201cHoy estoy aqu\u00ed para pedir vuestra ayuda, vuestra oraci\u00f3n por mi pueblo, por mi tierra que ahora sufre mucho y en este d\u00eda est\u00e1 lleno de sangre\u201d<\/strong> mencion\u00f3 el Padre Dimito, quien tambi\u00e9n comparti\u00f3 la cruel realidad que vive su pa\u00eds, donde mas de 2 millones de habitantes han tenido que buscar refugio en otros pa\u00edses, y donde los templos en Ucrania se han vuelto comedores, b\u00fankeres, para dar refugio a los que hoy en d\u00eda siguen ah\u00ed.<\/p>\n<p><strong>\u201cNosotros somos pueblo de la fe, somos pueblo de esperanza y no perdemos esta esperanza, estamos con Dios, estamos con la oraci\u00f3n de todo el mundo\u201d se\u00f1al\u00f3 Kiyashko<\/strong> quien agradeci\u00f3 a la Iglesia Necesitada por ayudar a su pueblo que no tiene nada y todo el mundo por sus oraciones.<\/p>\n<p>Ayuda a la Iglesia Necesitada M\u00e9xico (ACN), tambi\u00e9n conocida como Ayuda a la Iglesia que Sufre (AIS), es una Fundaci\u00f3n Pontificia que desde hace 70 a\u00f1os, tiene la misi\u00f3n de servir a la iglesia Cat\u00f3lica en su labor evangelizadora en todo el mundo, prioritariamente en las comunidades m\u00e1s necesitadas, discriminadas y perseguidas.<\/p>\n<p>Entre cada testimonio se vivieron momentos muy emotivos ya que se compartieron historias y nombres de personas que han muerto por profesar su fe.<\/p>\n<p>Para finalizar se tuvo un breve momento de oraci\u00f3n frente a Jes\u00fas Eucarist\u00eda y el Padre Anuar brind\u00f3 la bendici\u00f3n a todos los presentes y de modo especial y significativo se dio la bendici\u00f3n por los pa\u00edses que hoy en d\u00eda sufren.<\/p>\n<p>#IglesiaDelMundo #IglesiaDeMonterrey<\/p>\n","protected":false},"excerpt":{"rendered":"<p>Por: Debany Vald\u00e9s Monterrey, N.L. (www.pastoralsiglo21.org).- 12 de marzo del 2022 Ayer viernes por la noche se vivi\u00f3 un evento muy especial en la Parroquia Santa<span class=\"excerpt-hellip\"> [\u2026]<\/span><\/p>\n","protected":false},"author":1,"featured_media":0,"comment_status":"closed","ping_status":"closed","sticky":false,"template":"","format":"standard","meta":[],"categories":[7,14],"tags":[],"_links":{"self":[{"href":"https:\/\/www.arquidiocesismty.org\/arquimty\/wp-json\/wp\/v2\/posts\/15437"}],"collection":[{"href":"https:\/\/www.arquidiocesismty.org\/arquimty\/wp-json\/wp\/v2\/posts"}],"about":[{"href":"https:\/\/www.arquidiocesismty.org\/arquimty\/wp-json\/wp\/v2\/types\/post"}],"author":[{"embeddable":true,"href":"https:\/\/www.arquidiocesismty.org\/arquimty\/wp-json\/wp\/v2\/users\/1"}],"replies":[{"embeddable":true,"href":"https:\/\/www.arquidiocesismty.org\/arquimty\/wp-json\/wp\/v2\/comments?post=15437"}],"version-history":[{"count":1,"href":"https:\/\/www.arquidiocesismty.org\/arquimty\/wp-json\/wp\/v2\/posts\/15437\/revisions"}],"predecessor-version":[{"id":15438,"href":"https:\/\/www.arquidiocesismty.org\/arquimty\/wp-json\/wp\/v2\/posts\/15437\/revisions\/15438"}],"wp:attachment":[{"href":"https:\/\/www.arquidiocesismty.org\/arquimty\/wp-json\/wp\/v2\/media?parent=15437"}],"wp:term":[{"taxonomy":"category","embeddable":true,"href":"https:\/\/www.arquidiocesismty.org\/arquimty\/wp-json\/wp\/v2\/categories?post=15437"},{"taxonomy":"post_tag","embeddable":true,"href":"https:\/\/www.arquidiocesismty.org\/arquimty\/wp-json\/wp\/v2\/tags?post=15437"}],"curies":[{"name":"wp","href":"https:\/\/api.w.org\/{rel}","templated":true}]}}