{"id":15434,"date":"2022-03-09T16:00:15","date_gmt":"2022-03-09T16:00:15","guid":{"rendered":"https:\/\/www.arquidiocesismty.org\/arquimty\/?p=15434"},"modified":"2022-03-09T18:25:30","modified_gmt":"2022-03-10T00:25:30","slug":"jovenes-acuden-de-manera-espontanea-a-limpiar-y-restaurar-catedral-de-monterrey","status":"publish","type":"post","link":"https:\/\/www.arquidiocesismty.org\/arquimty\/jovenes-acuden-de-manera-espontanea-a-limpiar-y-restaurar-catedral-de-monterrey\/","title":{"rendered":"J\u00d3VENES ACUDEN DE MANERA ESPONT\u00c1NEA A LIMPIAR Y RESTAURAR CATEDRAL DE MONTERREY"},"content":{"rendered":"<p><em>Por: Juan Pablo V\u00e1zquez Rodr\u00edguez<\/em><br \/>\n<em>Monterrey, N.L. (www.pastoralsiglo21.org).- 9 de marzo del 2022<\/em><\/p>\n<p><strong>Ante los actos vand\u00e1licos que se cometieron el d\u00eda de ayer, en torno a la manifestaci\u00f3n feminista, las cuales dejaron afectados diversos edificios del centro de la ciudad, entre ellos la Catedral de Monterrey, un grupo de cerca de 50 j\u00f3venes, de manera espont\u00e1nea y voluntaria, acudieron este mi\u00e9rcoles a realizar trabajos de restauraci\u00f3n del recinto sagrado.<\/strong><\/p>\n<p>Dentro de las actividades que realizaron los j\u00f3venes, se organizaron para limpiar ,lavar y pintar las infraestructura que result\u00f3 da\u00f1ada.<\/p>\n<p>Los j\u00f3venes adem\u00e1s de sumarse con su mano de obra, aportar\u00eda diversos materiales para realizar esta labor.<\/p>\n<p><strong>Agust\u00edn Mart\u00ednez, uno de los j\u00f3venes que participaron en esta actividad de restauraci\u00f3n, comparti\u00f3 para Pastoral Siglo XXI:<\/strong><\/p>\n<blockquote><p><strong>\u201cTodos tenemos el derecho de manifestarnos pero respetando todo lo dem\u00e1s, debemos de respetar las cosas ajenas y por eso me motiv\u00f3 ayudar a la comunidad que no tiene culpa alguna. El respeto es de todos y para todos; tambi\u00e9n quiero aprovechar este espacio para decir que como j\u00f3venes cat\u00f3licos estamos llamados a servir para nuestra Iglesia\u201d.<\/strong><\/p><\/blockquote>\n","protected":false},"excerpt":{"rendered":"<p>Por: Juan Pablo V\u00e1zquez Rodr\u00edguez Monterrey, N.L. (www.pastoralsiglo21.org).- 9 de marzo del 2022 Ante los actos vand\u00e1licos que se cometieron el d\u00eda de ayer, en torno<span class=\"excerpt-hellip\"> [\u2026]<\/span><\/p>\n","protected":false},"author":1,"featured_media":15436,"comment_status":"closed","ping_status":"closed","sticky":false,"template":"","format":"standard","meta":[],"categories":[7,14],"tags":[],"_links":{"self":[{"href":"https:\/\/www.arquidiocesismty.org\/arquimty\/wp-json\/wp\/v2\/posts\/15434"}],"collection":[{"href":"https:\/\/www.arquidiocesismty.org\/arquimty\/wp-json\/wp\/v2\/posts"}],"about":[{"href":"https:\/\/www.arquidiocesismty.org\/arquimty\/wp-json\/wp\/v2\/types\/post"}],"author":[{"embeddable":true,"href":"https:\/\/www.arquidiocesismty.org\/arquimty\/wp-json\/wp\/v2\/users\/1"}],"replies":[{"embeddable":true,"href":"https:\/\/www.arquidiocesismty.org\/arquimty\/wp-json\/wp\/v2\/comments?post=15434"}],"version-history":[{"count":1,"href":"https:\/\/www.arquidiocesismty.org\/arquimty\/wp-json\/wp\/v2\/posts\/15434\/revisions"}],"predecessor-version":[{"id":15435,"href":"https:\/\/www.arquidiocesismty.org\/arquimty\/wp-json\/wp\/v2\/posts\/15434\/revisions\/15435"}],"wp:featuredmedia":[{"embeddable":true,"href":"https:\/\/www.arquidiocesismty.org\/arquimty\/wp-json\/wp\/v2\/media\/15436"}],"wp:attachment":[{"href":"https:\/\/www.arquidiocesismty.org\/arquimty\/wp-json\/wp\/v2\/media?parent=15434"}],"wp:term":[{"taxonomy":"category","embeddable":true,"href":"https:\/\/www.arquidiocesismty.org\/arquimty\/wp-json\/wp\/v2\/categories?post=15434"},{"taxonomy":"post_tag","embeddable":true,"href":"https:\/\/www.arquidiocesismty.org\/arquimty\/wp-json\/wp\/v2\/tags?post=15434"}],"curies":[{"name":"wp","href":"https:\/\/api.w.org\/{rel}","templated":true}]}}