{"id":15428,"date":"2022-03-08T18:55:33","date_gmt":"2022-03-08T18:55:33","guid":{"rendered":"https:\/\/www.arquidiocesismty.org\/arquimty\/?p=15428"},"modified":"2022-03-08T12:47:13","modified_gmt":"2022-03-08T18:47:13","slug":"el-dia-que-no-este-una-mujer-no-hay-amor-y-si-no-hay-amor-no-hay-vida-arzobispo-de-monterrey","status":"publish","type":"post","link":"https:\/\/www.arquidiocesismty.org\/arquimty\/el-dia-que-no-este-una-mujer-no-hay-amor-y-si-no-hay-amor-no-hay-vida-arzobispo-de-monterrey\/","title":{"rendered":"\u201cEL D\u00cdA QUE NO EST\u00c9 UNA MUJER NO HAY AMOR, Y SI NO HAY AMOR NO HAY VIDA\u201d ARZOBISPO DE MONTERREY"},"content":{"rendered":"<p><em>Por: Debany Vald\u00e9s<\/em><br \/>\n<em>Monterrey, N.L. (www.pastoralsiglo21.org).- 8 de marzo del 2022<\/em><\/p>\n<p><strong>En el marco de la conmemoraci\u00f3n del D\u00eda Internacional de la Mujer el Arzobispo de Monterrey tuvo a bien compartir, dialogar y de manera especial escuchar a tres mujeres representantes del Consejo Diocesano de la Mujer<\/strong>.<\/p>\n<p>\u201cEste momento de di\u00e1logo es sobre todo escucharlas a ustedes que nos digan d\u00f3nde est\u00e1 el punto m\u00e1s importantes de sus vidas, d\u00f3nde ponen ahorita su zoom, donde concentran hoy su mirada, sus sentimientos y su vida \u2026 es importante o\u00edrles a ustedes d\u00f3nde est\u00e1 su sue\u00f1o dorado:\u201d coment\u00f3 Mons. Rogelio Cabrera L\u00f3pez para dar comienzo al espacio de compartir:<\/p>\n<p><strong>Consuelo Ba\u00f1uelos<\/strong>, es una mujer que constantemente se encuentra realizando actividades sociales, principalmente en centros penitenciarios, centros de rehabilitaci\u00f3n de adicciones y en colonias que tienen mayor \u00edndice de violencia, a su vez es integrante del Consejo Diocesano de la Mujer:<\/p>\n<p>En cuanto a su participaci\u00f3n en los centros penitenciarios de mujeres, Consuelo compart\u00eda desde su experiencia las realidades que descubre al escuchar de manera directa a quienes est\u00e1n privadas de su libertad:<\/p>\n<p>\u201cA\u00f1oran salir, pero la parte m\u00e1s dif\u00edcil es cuando salen, entonces c\u00f3mo escuchamos a las mujeres en ese miedo que sienten de volver a sus casas, c\u00f3mo las vamos acercando a sus familias, c\u00f3mo las vamos preparando a qu\u00e9 tengan habilidades para que puedan trabajar, c\u00f3mo las vamos acercando a tener ese rostro cari\u00f1oso con sus hijos aunque est\u00e9n grandes, lo m\u00e1s importante es escuchar y desde sus necesidades poder compartir, estoy contigo desde la necesidad que pienso o me compartes que tienes\u201d<\/p>\n<p>Don Rogelio hac\u00eda referencia a su \u00faltima visita que tuvo al centro de readaptaci\u00f3n social femenil el pasado mi\u00e9rcoles de ceniza, en donde adem\u00e1s de invitar al ayuno, oraci\u00f3n y limosna, invitaba a las mujeres a ser un perfume, un olor agradable: \u201cLa mujer es perfume de la sociedad, es olor a vida para la sociedad\u201d.<\/p>\n<p>Por su parte la <strong>Hna. Sandy religiosa de la congregaci\u00f3n Compa\u00f1\u00eda Mar\u00eda de Nazareth<\/strong>, comunidad que de manera principal llevan su servicio en las calles de distintas colonias, visitando a adolescentes y j\u00f3venes de pandillas o que viven en situaci\u00f3n de calle, compart\u00eda desde esa realidad como hace falta la figura de referencia, la atenci\u00f3n, la escucha y el cari\u00f1o en los hogares y desde esa perspectiva se desprende su sue\u00f1o:<\/p>\n<p><strong>\u201cUno de mis sue\u00f1os no solo personal sino comunitario es podernos convertir, a lo mejor<\/strong><br \/>\n<strong>somos ni tantas, pero las que somos con mucho amor podernos convertir en esas figuras de referencia, en esas personas seguras en quien encuentren ese apoyo para darle un giro a su vida para darse cuenta que tienen otras oportunidades, para darse cuenta que alguien cree en ellos y por supuesto ser esa voz de Dios que llega a trav\u00e9s de nosotros para que ellas y ellos se encuentren con \u00c9l y as\u00ed transformen su vida\u201d<\/strong> se\u00f1al\u00f3 la Hna Sandy.<\/p>\n<p><strong>Norma Velazco<\/strong>, tambi\u00e9n miembro del Consejo Diocesano de la Mujer, participa en el Centro Pastoral de Investigaci\u00f3n que se dedica a investigar fen\u00f3menos sociales y cuestiones referentes a la Iglesia, todo esto con el fin de brindar mejor servicio a la poblaci\u00f3n:<\/p>\n<p>El principal sue\u00f1o que Norma compart\u00eda es la mayor participaci\u00f3n e iniciativa por parte de las mujeres en todas las \u00e1reas en las que se pueden desarrollar, as\u00ed como el reto del tiempo, en medio de todos los roles que abrazan con amor:<\/p>\n<p>\u201cYo creo que uno de los principales puntos aqu\u00ed ser\u00eda una educaci\u00f3n en la fe y en la parte humana, nos hemos deshumanizado, hemos perdido el punto en cuanto a ese faro de qu\u00e9 es esta humanizaci\u00f3n, de qu\u00e9 es el ser humano\u201d<\/p>\n<p>\u201cUno de los grandes retos que tiene la mujer y un reto muy fuerte es precisamente el tiempo, privilegiadas en cierta manera como dec\u00eda Consuelo, pero seguimos vinculadas como en una red, donde estamos conectadas siendo mujeres, siendo hijas de Dios, siendo esposas, madres, abuelas e inclusive hija\u201d.<\/p>\n<p><strong>\u201cY sobre todo con est\u00e1 responsabilidad que se traduce en el amor, en la comprensi\u00f3n y en la escucha, ahora si como dicen ponerle pies al coraz\u00f3n\u201d<\/strong> se\u00f1ala Norma.<\/p>\n<p>En cuanto al tema de Sinodalidad al que el Papa Francisco hace referencia el cual nos invita a caminar juntos, el Arzobispo coment\u00f3 que para caminar juntos primero hay que aprender a escuchar:<\/p>\n<p>\u201cLa sociedad cambia en la medida que escucha, si somos sordos y no nos escuchamos vamos a quedar estancados d\u00e1ndole vueltas al mismo punto, pero cuando se escucha realmente la sociedad se pone a caminar, se pone a evolucionar o inclusive a revolucionarse porque asume mayor fuerza, mayor energ\u00eda\u201d.<\/p>\n<p>Antes de finalizar monse\u00f1or Rogelio hizo gran \u00e9nfasis en la importancia de la mujer en la sociedad, y agradeci\u00f3 a las tres participantes que representaron a todas las mujeres de la Iglesia su participaci\u00f3n y servicio:<\/p>\n<p>\u201cEl d\u00eda que no est\u00e9 una mujer no hay amor, y si no hay amor no hay vida, todo se acaba\u201d.<\/p>\n<p>\u201cGracias por todo lo que hacen, por todas las mujeres, pero tambi\u00e9n les agradezco el caudal de servicio qu\u00e9 hay aqu\u00ed y en todas partes, porque la mujer es siempre llena de amor y sirve sin ser esclava, servir sin amor simplemente es ser esclavo\u201d.<\/p>\n<p>El d\u00eda de hoy, 8 de marzo la Curia Arquidiocesana brinda el d\u00eda a las mujeres que colaboran en ella, y el Arzobispo se\u00f1ala que sin duda hacen mucha falta y se les extra\u00f1a.<\/p>\n<p>\u201cQue ma\u00f1ana y siempre sean muy felices\u201d dijo Don Rogelio.<\/p>\n<p>#IglesiaDeMonterrey<\/p>\n","protected":false},"excerpt":{"rendered":"<p>Por: Debany Vald\u00e9s Monterrey, N.L. (www.pastoralsiglo21.org).- 8 de marzo del 2022 En el marco de la conmemoraci\u00f3n del D\u00eda Internacional de la Mujer el Arzobispo de<span class=\"excerpt-hellip\"> [\u2026]<\/span><\/p>\n","protected":false},"author":1,"featured_media":15430,"comment_status":"closed","ping_status":"closed","sticky":false,"template":"","format":"standard","meta":[],"categories":[7,14],"tags":[],"_links":{"self":[{"href":"https:\/\/www.arquidiocesismty.org\/arquimty\/wp-json\/wp\/v2\/posts\/15428"}],"collection":[{"href":"https:\/\/www.arquidiocesismty.org\/arquimty\/wp-json\/wp\/v2\/posts"}],"about":[{"href":"https:\/\/www.arquidiocesismty.org\/arquimty\/wp-json\/wp\/v2\/types\/post"}],"author":[{"embeddable":true,"href":"https:\/\/www.arquidiocesismty.org\/arquimty\/wp-json\/wp\/v2\/users\/1"}],"replies":[{"embeddable":true,"href":"https:\/\/www.arquidiocesismty.org\/arquimty\/wp-json\/wp\/v2\/comments?post=15428"}],"version-history":[{"count":1,"href":"https:\/\/www.arquidiocesismty.org\/arquimty\/wp-json\/wp\/v2\/posts\/15428\/revisions"}],"predecessor-version":[{"id":15429,"href":"https:\/\/www.arquidiocesismty.org\/arquimty\/wp-json\/wp\/v2\/posts\/15428\/revisions\/15429"}],"wp:featuredmedia":[{"embeddable":true,"href":"https:\/\/www.arquidiocesismty.org\/arquimty\/wp-json\/wp\/v2\/media\/15430"}],"wp:attachment":[{"href":"https:\/\/www.arquidiocesismty.org\/arquimty\/wp-json\/wp\/v2\/media?parent=15428"}],"wp:term":[{"taxonomy":"category","embeddable":true,"href":"https:\/\/www.arquidiocesismty.org\/arquimty\/wp-json\/wp\/v2\/categories?post=15428"},{"taxonomy":"post_tag","embeddable":true,"href":"https:\/\/www.arquidiocesismty.org\/arquimty\/wp-json\/wp\/v2\/tags?post=15428"}],"curies":[{"name":"wp","href":"https:\/\/api.w.org\/{rel}","templated":true}]}}