{"id":15425,"date":"2022-03-06T16:00:39","date_gmt":"2022-03-06T16:00:39","guid":{"rendered":"https:\/\/www.arquidiocesismty.org\/arquimty\/?p=15425"},"modified":"2022-03-07T13:01:50","modified_gmt":"2022-03-07T19:01:50","slug":"nombra-arzobispo-a-matrimonio-como-nuevos-coordinadores-de-pastoral-familiar-diocesana","status":"publish","type":"post","link":"https:\/\/www.arquidiocesismty.org\/arquimty\/nombra-arzobispo-a-matrimonio-como-nuevos-coordinadores-de-pastoral-familiar-diocesana\/","title":{"rendered":"NOMBRA ARZOBISPO A MATRIMONIO COMO NUEVOS COORDINADORES DE PASTORAL FAMILIAR DIOCESANA"},"content":{"rendered":"<p><em>Por: Juan Pablo V\u00e1zquez Rodr\u00edguez<\/em><br \/>\n<em>Monterrey, N.L. (www.pastoralsiglo21.org).- 7 de marzo del 2022<\/em><\/p>\n<p><strong>Despu\u00e9s de un per\u00edodo de 12 a\u00f1os como coordinador de la Pastoral Familiar Diocesana del padre \u00d3scar Lomel\u00ed, el Arzobispo de Monterrey Mons. Rogelio Cabrera L\u00f3pez ha tenido a bien nombrar a un matrimonio como nuevos responsables, compuesto por :<\/strong><\/p>\n<p><em><strong>Blanca Sastr\u00e9 Cancino y Jes\u00fas Manuel Ramos \u00c1lvarez.<\/strong><\/em><\/p>\n<p>\u201cEllos cuentan con una basta experiencia en este campo, pues colaboran desde hace 6 a\u00f1os en la Dimensi\u00f3n Familia de la Conferencia del Episcopado Mexicano y en el respectivo Departamento de nuestra Arquidi\u00f3cesis. Comenzar\u00e1n esta nueva misi\u00f3n a partir del 6 de marzo de 2022, que celebramos el D\u00eda de la Familia en M\u00e9xico\u201d, se\u00f1al\u00f3 el Arzobispo.<\/p>\n<p>En la carta del nombramiento, el Arzobispo invita a los nuevos coordinadores a \u201casumir esta responsabilidad trabajando con esfuerzo, creatividad y comuni\u00f3n con las dem\u00e1s pastorales, siguiente el Plan Org\u00e1nico de Pastoral de nuestra Arquidi\u00f3cesis\u201d.<\/p>\n<p><strong>Adem\u00e1s, Monse\u00f1or Rogelio, se\u00f1al\u00f3 que ha decidido que est\u00e9n acompa\u00f1ados por un sacerdote, el Pbro. Ernesto David Gonz\u00e1lez Mu\u00f1oz quien trabajar\u00e1 en conjunto con los nuevos coordinadores como Asesor Eclesial del Departamento de Pastoral Familiar.<\/strong><\/p>\n<p>En el mismo documento, el Arzobispo agradece al padre Oscar por su trabajo desempe\u00f1ado en la Pastoral Familiar diocesana.<\/p>\n<p><strong>\u201cHoy termina un per\u00edodo para el padre Oscar en esta pastoral, es por eso que deseo expresar mi agradecimiento por los 12 a\u00f1os que ha servido a la Iglesia como su coordinador: el Se\u00f1or, que no se deja ganar en generosidad, sabr\u00e1 recompensarle todo lo realizado en pro de las familias\u201d.<\/strong><\/p>\n<p>#IglesiaDeMonterrey<\/p>\n","protected":false},"excerpt":{"rendered":"<p>Por: Juan Pablo V\u00e1zquez Rodr\u00edguez Monterrey, N.L. (www.pastoralsiglo21.org).- 7 de marzo del 2022 Despu\u00e9s de un per\u00edodo de 12 a\u00f1os como coordinador de la Pastoral Familiar<span class=\"excerpt-hellip\"> [\u2026]<\/span><\/p>\n","protected":false},"author":1,"featured_media":15427,"comment_status":"closed","ping_status":"closed","sticky":false,"template":"","format":"standard","meta":[],"categories":[7,14],"tags":[],"_links":{"self":[{"href":"https:\/\/www.arquidiocesismty.org\/arquimty\/wp-json\/wp\/v2\/posts\/15425"}],"collection":[{"href":"https:\/\/www.arquidiocesismty.org\/arquimty\/wp-json\/wp\/v2\/posts"}],"about":[{"href":"https:\/\/www.arquidiocesismty.org\/arquimty\/wp-json\/wp\/v2\/types\/post"}],"author":[{"embeddable":true,"href":"https:\/\/www.arquidiocesismty.org\/arquimty\/wp-json\/wp\/v2\/users\/1"}],"replies":[{"embeddable":true,"href":"https:\/\/www.arquidiocesismty.org\/arquimty\/wp-json\/wp\/v2\/comments?post=15425"}],"version-history":[{"count":1,"href":"https:\/\/www.arquidiocesismty.org\/arquimty\/wp-json\/wp\/v2\/posts\/15425\/revisions"}],"predecessor-version":[{"id":15426,"href":"https:\/\/www.arquidiocesismty.org\/arquimty\/wp-json\/wp\/v2\/posts\/15425\/revisions\/15426"}],"wp:featuredmedia":[{"embeddable":true,"href":"https:\/\/www.arquidiocesismty.org\/arquimty\/wp-json\/wp\/v2\/media\/15427"}],"wp:attachment":[{"href":"https:\/\/www.arquidiocesismty.org\/arquimty\/wp-json\/wp\/v2\/media?parent=15425"}],"wp:term":[{"taxonomy":"category","embeddable":true,"href":"https:\/\/www.arquidiocesismty.org\/arquimty\/wp-json\/wp\/v2\/categories?post=15425"},{"taxonomy":"post_tag","embeddable":true,"href":"https:\/\/www.arquidiocesismty.org\/arquimty\/wp-json\/wp\/v2\/tags?post=15425"}],"curies":[{"name":"wp","href":"https:\/\/api.w.org\/{rel}","templated":true}]}}