{"id":15374,"date":"2022-02-22T15:00:27","date_gmt":"2022-02-22T21:00:27","guid":{"rendered":"https:\/\/www.arquidiocesismty.org\/arquimty\/?p=15374"},"modified":"2022-02-28T10:01:53","modified_gmt":"2022-02-28T16:01:53","slug":"responde-con-amor-y-lleno-de-confianza-a-su-encomienda-como-nuevo-obispo-de-linares-2","status":"publish","type":"post","link":"https:\/\/www.arquidiocesismty.org\/arquimty\/responde-con-amor-y-lleno-de-confianza-a-su-encomienda-como-nuevo-obispo-de-linares-2\/","title":{"rendered":"RESPONDE CON AMOR Y LLENO DE CONFIANZA A SU ENCOMIENDA COMO NUEVO OBISPO DE LINARES"},"content":{"rendered":"<p>Por: Debany Vald\u00e9s<br \/>\nMonterrey, N.L. (www.pastoralsiglo21.org).- 22 de febrero del 2022<\/p>\n<p><strong>La Di\u00f3cesis de Linares celebr\u00f3 la tarde de este martes la misa de ordenaci\u00f3n episcopal y toma de posesi\u00f3n de su nuevo Obispo, Mons. C\u00e9sar Alfonso Ortega D\u00edaz.<\/strong><\/p>\n<p>El 27 de noviembre del 2021 el Papa Francisco tuvo a bien nombrar VI Obispo de la di\u00f3cesis de Linares al entonces Padre C\u00e9sar Alfonso Ortega, originario de Chihuahua y miembro del clero de Parral.<\/p>\n<p>Mons. Rogelio Cabrera L\u00f3pez, Arzobispo de Monterrey y Presidente de la Conferencia del Episcopado Mexicano (CEM), presidi\u00f3 la santa misa y consagr\u00f3 Obispo a Mons. C\u00e9sar Alfonso, a quien durante la homil\u00eda le comparti\u00f3 tres realidades que conlleva el ministerio episcopal \u201cLa profesi\u00f3n de fe, la unci\u00f3n y la misi\u00f3n\u201d:<\/p>\n<p><img decoding=\"async\" loading=\"lazy\" class=\"size-medium wp-image-15376 alignright\" src=\"https:\/\/www.arquidiocesismty.org\/arquimty\/wp-content\/uploads\/2022\/02\/Consagracion-Obispo-de-Linares-300x200.jpg\" alt=\"\" width=\"300\" height=\"200\" srcset=\"https:\/\/www.arquidiocesismty.org\/arquimty\/wp-content\/uploads\/2022\/02\/Consagracion-Obispo-de-Linares-300x200.jpg 300w, https:\/\/www.arquidiocesismty.org\/arquimty\/wp-content\/uploads\/2022\/02\/Consagracion-Obispo-de-Linares-1280x853.jpg 1280w, https:\/\/www.arquidiocesismty.org\/arquimty\/wp-content\/uploads\/2022\/02\/Consagracion-Obispo-de-Linares-768x512.jpg 768w, https:\/\/www.arquidiocesismty.org\/arquimty\/wp-content\/uploads\/2022\/02\/Consagracion-Obispo-de-Linares-219x146.jpg 219w, https:\/\/www.arquidiocesismty.org\/arquimty\/wp-content\/uploads\/2022\/02\/Consagracion-Obispo-de-Linares-50x33.jpg 50w, https:\/\/www.arquidiocesismty.org\/arquimty\/wp-content\/uploads\/2022\/02\/Consagracion-Obispo-de-Linares-113x75.jpg 113w, https:\/\/www.arquidiocesismty.org\/arquimty\/wp-content\/uploads\/2022\/02\/Consagracion-Obispo-de-Linares.jpg 1440w\" sizes=\"(max-width: 300px) 100vw, 300px\" \/><\/p>\n<p>\u201cQuiero animarte hermano C\u00e9sar a seguir las huellas de los Ap\u00f3stoles, especialmente las del sucesor de Pedro, a que vivas colegialmente tu fe, a que compartas las preocupaci\u00f3n por todas las iglesias y tambi\u00e9n a qu\u00e9 camines sinodalmente, que lo hagamos siempre cercanos y fieles al Santo Padre\u201d.<\/p>\n<p>\u201cLa alegr\u00eda de hoy que sea la alegr\u00eda de todos los d\u00edas\u201d coment\u00f3 Mons. Rogelio ante la respuesta de la grey Linarense y a\u00f1adi\u00f3:<\/p>\n<p>\u201cUn pueblo que quiere ser acompa\u00f1ado por ti, para que juntos caminen siempre hacia Jes\u00fas, hacia el cielo\u201d.<\/p>\n<p>Por su parte, Mons. Ortega D\u00edaz antes de concluir la celebraci\u00f3n y una vez que se llevaron a cabo todos los ritos de su ordenaci\u00f3n episcopal, brind\u00f3 el primer mensaje al Pueblo que se le ha encomendado, de agradecimiento y de compromiso:<\/p>\n<p>\u201cHe sido ungido hoy con este don con el fin de ense\u00f1ar, santificar y apacentar a esta porci\u00f3n del Pueblo de Dios que se me ha confiado&#8221;.<\/p>\n<p>&#8220;Ante esta nueva llamada quiero responder a su amor lleno de confianza: Heme aqu\u00ed Dios m\u00edo, quiero hacer tu voluntad&#8230; vengo aqu\u00ed con gusto a servir y trabajar en esta di\u00f3cesis como su obispo pero tambi\u00e9n vengo a caminar entre ustedes como un hermano&#8221;, mencion\u00f3 el prelado.<\/p>\n<p>Finalmente, y al respecto de la actual situaci\u00f3n de pandemia Monse\u00f1or Ortega envi\u00f3 un mensaje de esperanza para todo el Pueblo:<\/p>\n<p>\u201cAunque a veces nos sintamos aturdidos o descarrilados por lo que hemos vivido o pasamos, los exhorto a no perder la esperanza, a poner fija su mirada en Jesucristo, a mantenernos firmes en la fe y a seguir confiando en el Se\u00f1or: \u00c9l va con nosotros, \u00c9l nos acompa\u00f1a, \u00e9l es el centro de la historia humana\u201d.<\/p>\n<p>La hermana di\u00f3cesis de Linares, cuenta con una peque\u00f1a poblaci\u00f3n de casi 300 mil habitantes, de los cuales el 77.6% son cat\u00f3licos. Los fieles son atendidos por 43 sacerdotes en 23 parroquias, seg\u00fan los datos del Anuario Pontificio.<\/p>\n<p>Nos unimos en oraci\u00f3n por el nuevo ministerio de Monse\u00f1or C\u00e9sar Ortega y por todos los miembros de sus di\u00f3cesis.<\/p>\n<p>#IglesiaDeM\u00e9xico<\/p>\n","protected":false},"excerpt":{"rendered":"<p>Por: Debany Vald\u00e9s Monterrey, N.L. (www.pastoralsiglo21.org).- 22 de febrero del 2022 La Di\u00f3cesis de Linares celebr\u00f3 la tarde de este martes la misa de ordenaci\u00f3n episcopal<span class=\"excerpt-hellip\"> [\u2026]<\/span><\/p>\n","protected":false},"author":12,"featured_media":15375,"comment_status":"closed","ping_status":"closed","sticky":false,"template":"","format":"standard","meta":[],"categories":[110,14],"tags":[],"_links":{"self":[{"href":"https:\/\/www.arquidiocesismty.org\/arquimty\/wp-json\/wp\/v2\/posts\/15374"}],"collection":[{"href":"https:\/\/www.arquidiocesismty.org\/arquimty\/wp-json\/wp\/v2\/posts"}],"about":[{"href":"https:\/\/www.arquidiocesismty.org\/arquimty\/wp-json\/wp\/v2\/types\/post"}],"author":[{"embeddable":true,"href":"https:\/\/www.arquidiocesismty.org\/arquimty\/wp-json\/wp\/v2\/users\/12"}],"replies":[{"embeddable":true,"href":"https:\/\/www.arquidiocesismty.org\/arquimty\/wp-json\/wp\/v2\/comments?post=15374"}],"version-history":[{"count":1,"href":"https:\/\/www.arquidiocesismty.org\/arquimty\/wp-json\/wp\/v2\/posts\/15374\/revisions"}],"predecessor-version":[{"id":15377,"href":"https:\/\/www.arquidiocesismty.org\/arquimty\/wp-json\/wp\/v2\/posts\/15374\/revisions\/15377"}],"wp:featuredmedia":[{"embeddable":true,"href":"https:\/\/www.arquidiocesismty.org\/arquimty\/wp-json\/wp\/v2\/media\/15375"}],"wp:attachment":[{"href":"https:\/\/www.arquidiocesismty.org\/arquimty\/wp-json\/wp\/v2\/media?parent=15374"}],"wp:term":[{"taxonomy":"category","embeddable":true,"href":"https:\/\/www.arquidiocesismty.org\/arquimty\/wp-json\/wp\/v2\/categories?post=15374"},{"taxonomy":"post_tag","embeddable":true,"href":"https:\/\/www.arquidiocesismty.org\/arquimty\/wp-json\/wp\/v2\/tags?post=15374"}],"curies":[{"name":"wp","href":"https:\/\/api.w.org\/{rel}","templated":true}]}}