{"id":15263,"date":"2022-01-23T09:00:23","date_gmt":"2022-01-23T09:00:23","guid":{"rendered":"https:\/\/www.arquidiocesismty.org\/arquimty\/?p=15263"},"modified":"2022-01-24T11:28:05","modified_gmt":"2022-01-24T17:28:05","slug":"la-palabra-de-dios-nos-cambia-mientras-que-la-rigidez-nos-esconde","status":"publish","type":"post","link":"https:\/\/www.arquidiocesismty.org\/arquimty\/la-palabra-de-dios-nos-cambia-mientras-que-la-rigidez-nos-esconde\/","title":{"rendered":"\u201cLA PALABRA DE DIOS NOS CAMBIA, MIENTRAS QUE LA RIGIDEZ NOS ESCONDE\u201d"},"content":{"rendered":"<p><em>Por: Juan Pablo V\u00e1zquez Rodr\u00edguez <\/em><br \/>\n<em>Monterrey, N.L. (www.pastoralsiglo21.org).- 23 de enero del 2022<\/em><\/p>\n<p><strong>La ma\u00f1ana del 23 de enero, el Papa Francisco presidi\u00f3 la santa Misa en la Bas\u00edlica de San Pedro con ocasi\u00f3n de la celebraci\u00f3n del Domingo de la Palabra de Dios.<\/strong><\/p>\n<p>En su homil\u00eda el Santo Padre reflexion\u00f3 sobre la liturgia del d\u00eda destacando que en el centro de la vida del pueblo santo de Dios y del camino de la fe &#8220;no estamos nosotros&#8221;, con nuestras palabras; sino Dios con su Palabra:<\/p>\n<p>El Papa hizo hincapi\u00e9 en que nuestro Padre, &#8220;no es un dios neutral e indiferente&#8221;, sino &#8220;el Esp\u00edritu amante del hombre, que nos defiende, nos aconseja, toma partido a nuestro favor, se involucra y se compromete con nuestro dolor.&#8221;<\/p>\n<p><strong>&#8220;Dios es cercano y quiere cuidar de m\u00ed, de ti, de todos. Quiere aliviarte de las cargas que te aplastan, quiere caldear el fr\u00edo de tus inviernos, quiere iluminar tus d\u00edas oscuros, quiere sostener tus pasos inciertos. Y lo hace con su Palabra&#8221;.<\/strong><\/p>\n<p>Continuando con su mensaje, el Papa exhort\u00f3 a preguntarnos: &#8220;\u00bfllevamos en el coraz\u00f3n esta imagen liberadora de Dios, o pensamos que sea un juez riguroso, un r\u00edgido aduanero de nuestra vida? y \u00bfQu\u00e9 rostro de Dios anunciamos en la Iglesia, el Salvador que libera y cura o el Temible que aplasta bajo los sentimientos de culpa?<\/p>\n","protected":false},"excerpt":{"rendered":"<p>Por: Juan Pablo V\u00e1zquez Rodr\u00edguez Monterrey, N.L. (www.pastoralsiglo21.org).- 23 de enero del 2022 La ma\u00f1ana del 23 de enero, el Papa Francisco presidi\u00f3 la santa Misa<span class=\"excerpt-hellip\"> [\u2026]<\/span><\/p>\n","protected":false},"author":1,"featured_media":15265,"comment_status":"closed","ping_status":"closed","sticky":false,"template":"","format":"standard","meta":[],"categories":[112,14],"tags":[],"_links":{"self":[{"href":"https:\/\/www.arquidiocesismty.org\/arquimty\/wp-json\/wp\/v2\/posts\/15263"}],"collection":[{"href":"https:\/\/www.arquidiocesismty.org\/arquimty\/wp-json\/wp\/v2\/posts"}],"about":[{"href":"https:\/\/www.arquidiocesismty.org\/arquimty\/wp-json\/wp\/v2\/types\/post"}],"author":[{"embeddable":true,"href":"https:\/\/www.arquidiocesismty.org\/arquimty\/wp-json\/wp\/v2\/users\/1"}],"replies":[{"embeddable":true,"href":"https:\/\/www.arquidiocesismty.org\/arquimty\/wp-json\/wp\/v2\/comments?post=15263"}],"version-history":[{"count":1,"href":"https:\/\/www.arquidiocesismty.org\/arquimty\/wp-json\/wp\/v2\/posts\/15263\/revisions"}],"predecessor-version":[{"id":15264,"href":"https:\/\/www.arquidiocesismty.org\/arquimty\/wp-json\/wp\/v2\/posts\/15263\/revisions\/15264"}],"wp:featuredmedia":[{"embeddable":true,"href":"https:\/\/www.arquidiocesismty.org\/arquimty\/wp-json\/wp\/v2\/media\/15265"}],"wp:attachment":[{"href":"https:\/\/www.arquidiocesismty.org\/arquimty\/wp-json\/wp\/v2\/media?parent=15263"}],"wp:term":[{"taxonomy":"category","embeddable":true,"href":"https:\/\/www.arquidiocesismty.org\/arquimty\/wp-json\/wp\/v2\/categories?post=15263"},{"taxonomy":"post_tag","embeddable":true,"href":"https:\/\/www.arquidiocesismty.org\/arquimty\/wp-json\/wp\/v2\/tags?post=15263"}],"curies":[{"name":"wp","href":"https:\/\/api.w.org\/{rel}","templated":true}]}}