{"id":15257,"date":"2022-01-19T15:15:51","date_gmt":"2022-01-19T15:15:51","guid":{"rendered":"https:\/\/www.arquidiocesismty.org\/arquimty\/?p=15257"},"modified":"2022-01-24T11:19:37","modified_gmt":"2022-01-24T17:19:37","slug":"mas-de-250-sacerdotes-fallecidos-en-mexico-a-causa-del-covid","status":"publish","type":"post","link":"https:\/\/www.arquidiocesismty.org\/arquimty\/mas-de-250-sacerdotes-fallecidos-en-mexico-a-causa-del-covid\/","title":{"rendered":"M\u00c1S DE 250 SACERDOTES FALLECIDOS EN M\u00c9XICO A CAUSA DEL COVID"},"content":{"rendered":"<p><em>Por: Juan Pablo V\u00e1zquez Rodr\u00edguez <\/em><br \/>\n<em>Monterrey, N.L. (www.pastoralsiglo21.org).- 19 de enero del 2022<\/em><\/p>\n<p><strong>Seg\u00fan el 22\u00b0 informe del Centro Cat\u00f3lico Multimedial (CCM), que analiza los casos registrados de fallecimientos de sacerdotes y Obispos a causa del Covid en M\u00e9xico, desde que inici\u00f3 la pandemia, hasta el 14 de enero de 2022, han muerto siete obispos, 258 sacerdotes, seis religiosos, 10 religiosas y 13 di\u00e1conos permanentes.<\/strong><\/p>\n<p>En la pandemia, el episcopado mexicano ha perdido siete obispos, cuatro eme\u0301ritos, un auxiliar y dos en ejercicio del gobierno pastoral. Hasta el 14 de enero eran 38 casos en el episcopado nacional quienes padecieron la enfermedad.<\/p>\n<p>Es muy importante que los fieles y todos los consagrados, sigamos atendiendo las normas de salud establecidas por las autoridades competentes, sobre todo en este tiempo en que la actual variante \u00f3micron es m\u00e1s contagiosa y se han rebasado las cifras hist\u00f3ricas de contagios.<\/p>\n<p>Cuidemos a nuestros sacerdotes, cuid\u00e9monos todos.<\/p>\n<p>#IglesiaEnM\u00e9xico<\/p>\n","protected":false},"excerpt":{"rendered":"<p>Por: Juan Pablo V\u00e1zquez Rodr\u00edguez Monterrey, N.L. (www.pastoralsiglo21.org).- 19 de enero del 2022 Seg\u00fan el 22\u00b0 informe del Centro Cat\u00f3lico Multimedial (CCM), que analiza los casos<span class=\"excerpt-hellip\"> [\u2026]<\/span><\/p>\n","protected":false},"author":1,"featured_media":15259,"comment_status":"closed","ping_status":"closed","sticky":false,"template":"","format":"standard","meta":[],"categories":[110,14],"tags":[],"_links":{"self":[{"href":"https:\/\/www.arquidiocesismty.org\/arquimty\/wp-json\/wp\/v2\/posts\/15257"}],"collection":[{"href":"https:\/\/www.arquidiocesismty.org\/arquimty\/wp-json\/wp\/v2\/posts"}],"about":[{"href":"https:\/\/www.arquidiocesismty.org\/arquimty\/wp-json\/wp\/v2\/types\/post"}],"author":[{"embeddable":true,"href":"https:\/\/www.arquidiocesismty.org\/arquimty\/wp-json\/wp\/v2\/users\/1"}],"replies":[{"embeddable":true,"href":"https:\/\/www.arquidiocesismty.org\/arquimty\/wp-json\/wp\/v2\/comments?post=15257"}],"version-history":[{"count":1,"href":"https:\/\/www.arquidiocesismty.org\/arquimty\/wp-json\/wp\/v2\/posts\/15257\/revisions"}],"predecessor-version":[{"id":15258,"href":"https:\/\/www.arquidiocesismty.org\/arquimty\/wp-json\/wp\/v2\/posts\/15257\/revisions\/15258"}],"wp:featuredmedia":[{"embeddable":true,"href":"https:\/\/www.arquidiocesismty.org\/arquimty\/wp-json\/wp\/v2\/media\/15259"}],"wp:attachment":[{"href":"https:\/\/www.arquidiocesismty.org\/arquimty\/wp-json\/wp\/v2\/media?parent=15257"}],"wp:term":[{"taxonomy":"category","embeddable":true,"href":"https:\/\/www.arquidiocesismty.org\/arquimty\/wp-json\/wp\/v2\/categories?post=15257"},{"taxonomy":"post_tag","embeddable":true,"href":"https:\/\/www.arquidiocesismty.org\/arquimty\/wp-json\/wp\/v2\/tags?post=15257"}],"curies":[{"name":"wp","href":"https:\/\/api.w.org\/{rel}","templated":true}]}}