{"id":15094,"date":"2021-12-09T21:00:53","date_gmt":"2021-12-09T21:00:53","guid":{"rendered":"https:\/\/www.arquidiocesismty.org\/arquimty\/?p=15094"},"modified":"2021-12-10T12:01:01","modified_gmt":"2021-12-10T18:01:01","slug":"obispos-manifiestan-su-cercania-por-54-migrantes-fallecidos-en-volcadura-de-camion","status":"publish","type":"post","link":"https:\/\/www.arquidiocesismty.org\/arquimty\/obispos-manifiestan-su-cercania-por-54-migrantes-fallecidos-en-volcadura-de-camion\/","title":{"rendered":"OBISPOS MANIFIESTAN SU CERCAN\u00cdA POR 54 MIGRANTES FALLECIDOS EN VOLCADURA DE CAMI\u00d3N"},"content":{"rendered":"<p><em>Por: Juan Pablo V\u00e1zquez Rodr\u00edguez<\/em><br \/>\n<em>Monterrey, N.L. (www.pastoralsiglo21.org).- 09 de diciembre del 2021<\/em><\/p>\n<p><strong>La Conferencia del Episcopado Mexicano (CEM), emiti\u00f3 un comunicado ante el fatal accidente en el que murieron al menos 54 hermanos migrantes.<\/strong><\/p>\n<p>En el comunicado los obispos ofrecieron su oraci\u00f3n y cercan\u00eda.<\/p>\n<p><strong>\u201cAnte el fatal accidente que termin\u00f3 con la vida de nuestros hermanos migrantes que viajaban este jueves en el estado de Chiapas, ofrecemos nuestra oraci\u00f3n y solidaridad a las<\/strong><br \/>\n<strong>familias y hermanos por esta lamentable tragedia\u201d.<\/strong><\/p>\n<p>\u201cQue Dios nuestro Se\u00f1or y Santa Mar\u00eda de Guadalupe nuestra Madre Sant\u00edsima, los sostengan en estos momentos dif\u00edciles y les otorgue pronta resignaci\u00f3n\u201d.<\/p>\n<p>Apenas hace un par de d\u00edas los Obispos de M\u00e9xico realizaron un llamado urgente al Gobierno de M\u00e9xico, ante a compleja y alarmante situaci\u00f3n de las personas migrantes en Tapachula, Chiapas.<\/p>\n<p>Oremos por todos los fallecidos, los heridos y sus familiares.<\/p>\n","protected":false},"excerpt":{"rendered":"<p>Por: Juan Pablo V\u00e1zquez Rodr\u00edguez Monterrey, N.L. (www.pastoralsiglo21.org).- 09 de diciembre del 2021 La Conferencia del Episcopado Mexicano (CEM), emiti\u00f3 un comunicado ante el fatal accidente<span class=\"excerpt-hellip\"> [\u2026]<\/span><\/p>\n","protected":false},"author":1,"featured_media":15096,"comment_status":"closed","ping_status":"closed","sticky":false,"template":"","format":"standard","meta":[],"categories":[110,14],"tags":[],"_links":{"self":[{"href":"https:\/\/www.arquidiocesismty.org\/arquimty\/wp-json\/wp\/v2\/posts\/15094"}],"collection":[{"href":"https:\/\/www.arquidiocesismty.org\/arquimty\/wp-json\/wp\/v2\/posts"}],"about":[{"href":"https:\/\/www.arquidiocesismty.org\/arquimty\/wp-json\/wp\/v2\/types\/post"}],"author":[{"embeddable":true,"href":"https:\/\/www.arquidiocesismty.org\/arquimty\/wp-json\/wp\/v2\/users\/1"}],"replies":[{"embeddable":true,"href":"https:\/\/www.arquidiocesismty.org\/arquimty\/wp-json\/wp\/v2\/comments?post=15094"}],"version-history":[{"count":1,"href":"https:\/\/www.arquidiocesismty.org\/arquimty\/wp-json\/wp\/v2\/posts\/15094\/revisions"}],"predecessor-version":[{"id":15095,"href":"https:\/\/www.arquidiocesismty.org\/arquimty\/wp-json\/wp\/v2\/posts\/15094\/revisions\/15095"}],"wp:featuredmedia":[{"embeddable":true,"href":"https:\/\/www.arquidiocesismty.org\/arquimty\/wp-json\/wp\/v2\/media\/15096"}],"wp:attachment":[{"href":"https:\/\/www.arquidiocesismty.org\/arquimty\/wp-json\/wp\/v2\/media?parent=15094"}],"wp:term":[{"taxonomy":"category","embeddable":true,"href":"https:\/\/www.arquidiocesismty.org\/arquimty\/wp-json\/wp\/v2\/categories?post=15094"},{"taxonomy":"post_tag","embeddable":true,"href":"https:\/\/www.arquidiocesismty.org\/arquimty\/wp-json\/wp\/v2\/tags?post=15094"}],"curies":[{"name":"wp","href":"https:\/\/api.w.org\/{rel}","templated":true}]}}