{"id":1507,"date":"2017-06-25T21:06:53","date_gmt":"2017-06-26T02:06:53","guid":{"rendered":"https:\/\/www.arquidiocesismty.org\/arquimty\/?p=1507"},"modified":"2017-06-25T21:06:53","modified_gmt":"2017-06-26T02:06:53","slug":"pedira-iglesia-con-oracion-especial-el-don-de-la-lluvia","status":"publish","type":"post","link":"https:\/\/www.arquidiocesismty.org\/arquimty\/pedira-iglesia-con-oracion-especial-el-don-de-la-lluvia\/","title":{"rendered":"PEDIR\u00c1 IGLESIA CON ORACI\u00d3N ESPECIAL EL DON DE LA LLUVIA"},"content":{"rendered":"<p><strong>Monterrey, N. L.<\/strong> (<a href=\"http:\/\/www.pastoralsiglo21.org\">www.pastoralsiglo21.org<\/a>) <strong>25 de junio del 2017.-<\/strong> Debido a las altas temperaturas que se han registrado en la ciudad, y a la falta de lluvias, se ha convocado a toda la Iglesia que peregrina en esta Arquidi\u00f3cesis a intensificar la oraci\u00f3n para pedirle a Dios el regalo de la lluvia y as\u00ed puedan verse agraciados los cultivos y los suministros de agua.<\/p>\n<p>Mons. Rogelio Cabrera L\u00f3pez, Arzobispo de Monterrey, pidi\u00f3 a todos los sacerdotes y miembros de la Iglesia que pidan el don de la lluvia \u201ctan necesaria en este tiempo, ya que el agua es un preciado regalo que Dios nos ha dado, el cual debemos cuidar, no desperdiciar y comparti\u00e9ndolo como es debido\u201d.<\/p>\n<p>Tambi\u00e9n pidi\u00f3 a quienes tengan trabajadores laborando en la intemperie que busquen la protecci\u00f3n adecuada para ellos, asimismo, recomend\u00f3 cuidar a ni\u00f1os y ancianos al proveerles la hidrataci\u00f3n necesaria.<\/p>\n<p>Esta es la oraci\u00f3n que har\u00e1 la Iglesia para pedir el don de la lluvia:<\/p>\n<p><em>Padre Dios, que cuidas siempre de tus e hijos y de la tierra que les has dado,<\/em><\/p>\n<p><em>Conc\u00e9denos la lluvia que tanto esperamos para nuestros campos y presas.<\/em><\/p>\n<p><em>Que el agua llegue a nosotros como una bendici\u00f3n del cielo.<\/em><\/p>\n<p><em>Por Cristo, Nuestro Se\u00f1or, am\u00e9n.<\/em><\/p>\n<p><strong>Por Roc\u00edo D\u00edaz<\/strong><\/p>\n","protected":false},"excerpt":{"rendered":"<p>Monterrey, N. L. (www.pastoralsiglo21.org) 25 de junio del 2017.- Debido a las altas temperaturas que se han registrado en la ciudad, y a la falta de<span class=\"excerpt-hellip\"> [\u2026]<\/span><\/p>\n","protected":false},"author":3,"featured_media":1508,"comment_status":"open","ping_status":"open","sticky":false,"template":"","format":"standard","meta":[],"categories":[7,14],"tags":[23],"_links":{"self":[{"href":"https:\/\/www.arquidiocesismty.org\/arquimty\/wp-json\/wp\/v2\/posts\/1507"}],"collection":[{"href":"https:\/\/www.arquidiocesismty.org\/arquimty\/wp-json\/wp\/v2\/posts"}],"about":[{"href":"https:\/\/www.arquidiocesismty.org\/arquimty\/wp-json\/wp\/v2\/types\/post"}],"author":[{"embeddable":true,"href":"https:\/\/www.arquidiocesismty.org\/arquimty\/wp-json\/wp\/v2\/users\/3"}],"replies":[{"embeddable":true,"href":"https:\/\/www.arquidiocesismty.org\/arquimty\/wp-json\/wp\/v2\/comments?post=1507"}],"version-history":[{"count":1,"href":"https:\/\/www.arquidiocesismty.org\/arquimty\/wp-json\/wp\/v2\/posts\/1507\/revisions"}],"predecessor-version":[{"id":1509,"href":"https:\/\/www.arquidiocesismty.org\/arquimty\/wp-json\/wp\/v2\/posts\/1507\/revisions\/1509"}],"wp:featuredmedia":[{"embeddable":true,"href":"https:\/\/www.arquidiocesismty.org\/arquimty\/wp-json\/wp\/v2\/media\/1508"}],"wp:attachment":[{"href":"https:\/\/www.arquidiocesismty.org\/arquimty\/wp-json\/wp\/v2\/media?parent=1507"}],"wp:term":[{"taxonomy":"category","embeddable":true,"href":"https:\/\/www.arquidiocesismty.org\/arquimty\/wp-json\/wp\/v2\/categories?post=1507"},{"taxonomy":"post_tag","embeddable":true,"href":"https:\/\/www.arquidiocesismty.org\/arquimty\/wp-json\/wp\/v2\/tags?post=1507"}],"curies":[{"name":"wp","href":"https:\/\/api.w.org\/{rel}","templated":true}]}}