{"id":15043,"date":"2021-11-24T16:05:26","date_gmt":"2021-11-24T16:05:26","guid":{"rendered":"https:\/\/www.arquidiocesismty.org\/arquimty\/?p=15043"},"modified":"2021-11-24T16:10:11","modified_gmt":"2021-11-24T22:10:11","slug":"se-frenan-en-mexico-bloque-de-48-reformas-constitucionales-proaborto-e-idiologia-de-genero-en-mexico","status":"publish","type":"post","link":"https:\/\/www.arquidiocesismty.org\/arquimty\/se-frenan-en-mexico-bloque-de-48-reformas-constitucionales-proaborto-e-idiologia-de-genero-en-mexico\/","title":{"rendered":"SE FRENAN EN M\u00c9XICO BLOQUE DE 48 REFORMAS CONSTITUCIONALES PROABORTO E IDIOLOG\u00cdA DE G\u00c9NERO EN M\u00c9XICO"},"content":{"rendered":"<p><em>Por: Juan Pablo V\u00e1zquez Rodr\u00edguez <\/em><br \/>\n<em>Monterrey, N.L. (www.pastoralsiglo21.org).- 24 de noviembre del 2021<\/em><\/p>\n<p>El Frente Nacional por la Familia inform\u00f3 por medio del presidente de este organismo Rodrigo Iv\u00e1n Cortes, que hoy que un buen d\u00eda #AfavorDeLaVida, ya que el bloque de 48 reformas constitucionales proaborto e ideolog\u00eda de g\u00e9nero acumulados en el dictamen de \u201cIgualdad Sustantiva y G\u00e9nero\u201d fue frenado este 23 de noviembre en la Comisi\u00f3n de Puntos Constitucionales de la C\u00e1mara de Diputados del Congreso de la Uni\u00f3n. Cr\u00e9dito: C\u00e1mara de Diputados.<\/p>\n<p><strong>El bloque de 48 reformas constitucionales proaborto e ideolog\u00eda de g\u00e9nero acumulados en el dictamen de &#8220;Igualdad Sustantiva y G\u00e9nero&#8221; fue frenado este 23 de noviembre en la Comisi\u00f3n de Puntos Constitucionales de la C\u00e1mara de Diputados del Congreso de la Uni\u00f3n, \u00f3rgano legislativo federal de M\u00e9xico.<\/strong><\/p>\n<p>Las reformas buscaban incorporar en la Constituci\u00f3n de M\u00e9xico t\u00e9rminos como &#8220;igualdad sustantiva&#8221;, &#8220;autonom\u00eda reproductiva&#8221;, &#8220;expresi\u00f3n de g\u00e9nero&#8221; &#8220;identidad genital&#8221;, &#8220;rectificaci\u00f3n sexogen\u00e9rica&#8221; y &#8220;libre desarrollo de la personalidad.<\/p>\n<p>M\u00e1s de 10 mil personas suscribieron una campa\u00f1a de firmas en la plataforma Act\u00edvate, para exigir a los diputados mexicanos que frenen este proyecto de reforma constitucional.<\/p>\n<p>Sin embargo el presidente del Frente Nacional por la Familia, se\u00f1al\u00f3 que el proceso continuar\u00e1 por medio de consultas, por lo que se deber\u00e1 aprovechar este tiempo de oportunidad como sociedad civil, para hacerle ver a los legisladores de cada Estado, la conciencia del valor de la vida.<\/p>\n<p>\u201cNo ha acabado esto, tenemos que seguir y redoblar esfuerzos, no hay que bajar la guardia, as\u00ed que muchas gracias a todos los que se han activado y los que faltan a darle muy duro para defender la vida, la familia y las libertades fundamentales\u201d, se\u00f1al\u00f3 Iv\u00e1n Cortes.<\/p>\n","protected":false},"excerpt":{"rendered":"<p>Por: Juan Pablo V\u00e1zquez Rodr\u00edguez Monterrey, N.L. (www.pastoralsiglo21.org).- 24 de noviembre del 2021 El Frente Nacional por la Familia inform\u00f3 por medio del presidente de este<span class=\"excerpt-hellip\"> [\u2026]<\/span><\/p>\n","protected":false},"author":1,"featured_media":15045,"comment_status":"closed","ping_status":"closed","sticky":false,"template":"","format":"standard","meta":[],"categories":[110,14],"tags":[],"_links":{"self":[{"href":"https:\/\/www.arquidiocesismty.org\/arquimty\/wp-json\/wp\/v2\/posts\/15043"}],"collection":[{"href":"https:\/\/www.arquidiocesismty.org\/arquimty\/wp-json\/wp\/v2\/posts"}],"about":[{"href":"https:\/\/www.arquidiocesismty.org\/arquimty\/wp-json\/wp\/v2\/types\/post"}],"author":[{"embeddable":true,"href":"https:\/\/www.arquidiocesismty.org\/arquimty\/wp-json\/wp\/v2\/users\/1"}],"replies":[{"embeddable":true,"href":"https:\/\/www.arquidiocesismty.org\/arquimty\/wp-json\/wp\/v2\/comments?post=15043"}],"version-history":[{"count":1,"href":"https:\/\/www.arquidiocesismty.org\/arquimty\/wp-json\/wp\/v2\/posts\/15043\/revisions"}],"predecessor-version":[{"id":15044,"href":"https:\/\/www.arquidiocesismty.org\/arquimty\/wp-json\/wp\/v2\/posts\/15043\/revisions\/15044"}],"wp:featuredmedia":[{"embeddable":true,"href":"https:\/\/www.arquidiocesismty.org\/arquimty\/wp-json\/wp\/v2\/media\/15045"}],"wp:attachment":[{"href":"https:\/\/www.arquidiocesismty.org\/arquimty\/wp-json\/wp\/v2\/media?parent=15043"}],"wp:term":[{"taxonomy":"category","embeddable":true,"href":"https:\/\/www.arquidiocesismty.org\/arquimty\/wp-json\/wp\/v2\/categories?post=15043"},{"taxonomy":"post_tag","embeddable":true,"href":"https:\/\/www.arquidiocesismty.org\/arquimty\/wp-json\/wp\/v2\/tags?post=15043"}],"curies":[{"name":"wp","href":"https:\/\/api.w.org\/{rel}","templated":true}]}}