{"id":1504,"date":"2017-06-25T21:02:07","date_gmt":"2017-06-26T02:02:07","guid":{"rendered":"https:\/\/www.arquidiocesismty.org\/arquimty\/?p=1504"},"modified":"2017-06-25T21:02:07","modified_gmt":"2017-06-26T02:02:07","slug":"haran-misa-para-pedir-por-casos-dificiles","status":"publish","type":"post","link":"https:\/\/www.arquidiocesismty.org\/arquimty\/haran-misa-para-pedir-por-casos-dificiles\/","title":{"rendered":"HAR\u00c1N MISA PARA PEDIR POR CASOS DIF\u00cdCILES"},"content":{"rendered":"<p><strong>Monterrey, N. L.<\/strong> (<a href=\"http:\/\/www.pastoralsiglo21.org\">www.pastoralsiglo21.org<\/a>) <strong>25 de junio del 2017.-<\/strong> Siguiendo el mandato de Jes\u00fas de \u201cvelen y oren\u201d, y tomando en cuenta las situaciones extremas que est\u00e1 viviendo el pueblo de Dios, se celebrar\u00e1 una misa especial para pedir por las causas dif\u00edciles.<\/p>\n<p>El Arzobispo de Monterrey, Mons. Rogelio Cabrera L\u00f3pez, dijo que la Santa Misa se llevar\u00e1 a cabo en la noche del primero al dos de julio a las 2:00 de la ma\u00f1ana en la Iglesia de la Virgen de San Juan, en la Col. Mart\u00ednez. \u00c9l mismo presidir\u00e1 la celebraci\u00f3n.<\/p>\n<p>En esa misa, dijo, se re\u00fanen las personas para pedir a Dios los auxilie en los problemas m\u00e1s graves de sus personas y de sus familias.<\/p>\n<p>\u201cCreo yo que una de las cosas que m\u00e1s duele a la gente es no tener empleo, ver que no tienen qu\u00e9 darle de comer a sus hijos, otro problema es que sus familiares est\u00e1n extraviados, no saben nada de ellos, y otra situaci\u00f3n por la cual concurren son los problemas familiares, que buscan la armon\u00eda y estar en paz unos con otros. La separaci\u00f3n y el divorcio est\u00e1n siempre al alza\u201d, expres\u00f3.<\/p>\n<p>La hora en que se celebrar\u00e1 la Eucarist\u00eda tiene una explicaci\u00f3n:<\/p>\n<p>\u201cSiempre la vigilancia nocturna es una indicaci\u00f3n de la actitud que debe tener toda persona, por eso la fiesta m\u00e1s importante de la Iglesia es en la medianoche\u201d, dijo.<\/p>\n<p>MATRIMONIOS COMUNITARIOS<\/p>\n<p>Mons. Rogelio celebr\u00f3 hoy domingo una misa de matrimonios comunitarios en Salinas Victoria.<\/p>\n<p>\u201cSon parejas que ten\u00edan tiempo viviendo juntos en uni\u00f3n civil, y que ahora, despu\u00e9s de un proceso de formaci\u00f3n espiritual, deciden libremente contraer matrimonio dentro de la Iglesia\u201d, explic\u00f3.<\/p>\n<p>Este tipo de matrimonios se organizan por parroquia, luego de una convocatoria o de que se re\u00fane una cantidad de parejas interesadas en recibir la bendici\u00f3n nupcial.<\/p>\n<p><strong>Por Roc\u00edo D\u00edaz<\/strong><\/p>\n","protected":false},"excerpt":{"rendered":"<p>Monterrey, N. L. (www.pastoralsiglo21.org) 25 de junio del 2017.- Siguiendo el mandato de Jes\u00fas de \u201cvelen y oren\u201d, y tomando en cuenta las situaciones extremas que<span class=\"excerpt-hellip\"> [\u2026]<\/span><\/p>\n","protected":false},"author":3,"featured_media":1505,"comment_status":"open","ping_status":"open","sticky":false,"template":"","format":"standard","meta":[],"categories":[7,14],"tags":[23],"_links":{"self":[{"href":"https:\/\/www.arquidiocesismty.org\/arquimty\/wp-json\/wp\/v2\/posts\/1504"}],"collection":[{"href":"https:\/\/www.arquidiocesismty.org\/arquimty\/wp-json\/wp\/v2\/posts"}],"about":[{"href":"https:\/\/www.arquidiocesismty.org\/arquimty\/wp-json\/wp\/v2\/types\/post"}],"author":[{"embeddable":true,"href":"https:\/\/www.arquidiocesismty.org\/arquimty\/wp-json\/wp\/v2\/users\/3"}],"replies":[{"embeddable":true,"href":"https:\/\/www.arquidiocesismty.org\/arquimty\/wp-json\/wp\/v2\/comments?post=1504"}],"version-history":[{"count":1,"href":"https:\/\/www.arquidiocesismty.org\/arquimty\/wp-json\/wp\/v2\/posts\/1504\/revisions"}],"predecessor-version":[{"id":1506,"href":"https:\/\/www.arquidiocesismty.org\/arquimty\/wp-json\/wp\/v2\/posts\/1504\/revisions\/1506"}],"wp:featuredmedia":[{"embeddable":true,"href":"https:\/\/www.arquidiocesismty.org\/arquimty\/wp-json\/wp\/v2\/media\/1505"}],"wp:attachment":[{"href":"https:\/\/www.arquidiocesismty.org\/arquimty\/wp-json\/wp\/v2\/media?parent=1504"}],"wp:term":[{"taxonomy":"category","embeddable":true,"href":"https:\/\/www.arquidiocesismty.org\/arquimty\/wp-json\/wp\/v2\/categories?post=1504"},{"taxonomy":"post_tag","embeddable":true,"href":"https:\/\/www.arquidiocesismty.org\/arquimty\/wp-json\/wp\/v2\/tags?post=1504"}],"curies":[{"name":"wp","href":"https:\/\/api.w.org\/{rel}","templated":true}]}}