{"id":15036,"date":"2021-11-23T10:00:08","date_gmt":"2021-11-23T10:00:08","guid":{"rendered":"https:\/\/www.arquidiocesismty.org\/arquimty\/?p=15036"},"modified":"2021-11-23T10:42:06","modified_gmt":"2021-11-23T16:42:06","slug":"invita-arzobispo-a-vivir-la-escucha","status":"publish","type":"post","link":"https:\/\/www.arquidiocesismty.org\/arquimty\/invita-arzobispo-a-vivir-la-escucha\/","title":{"rendered":"INVITA ARZOBISPO A VIVIR LA ESCUCHA"},"content":{"rendered":"<p><em>Por: Pbro. Juan Jos\u00e9 Hinojosa Mart\u00ednez<\/em><br \/>\n<em>Monterrey, N.L. (www.pastoralsiglo21.org).- 23 de noviembre del 2021<\/em><\/p>\n<p><strong>En el segundo d\u00eda de actividades de la 1er. Asamblea Eclesial en Am\u00e9rica Latina, realizada en Casa Lago, sede de la CEM en el Estado de M\u00e9xico, nuestro Arzobispo Mons. Rogelio Cabrera L\u00f3pez, ha dirigido, como Presidente de la Conferencia Episcopal Mexicana y anfitri\u00f3n del evento, un mensaje a los 80 asamble\u00edstas presentes y a los cerca de mil asamble\u00edstas que participan de modo virtual de la Asamblea.<\/strong><\/p>\n<p>En el mensaje, ha recordado las palabras del Papa Francisco que nos hablan de la importancia de practicar pacientemente la escucha, signo necesario en este proceso sinodal que vivimos como la Iglesia.<\/p>\n<p><strong>&#8220;Una escucha sincera de la Palabra de Dios y una escucha siempre abierta a la voz de todos los miembros de la Iglesia para as\u00ed enfrentar los nuevos desaf\u00edos que se presentan y a la luz del discernimiento comunitario encontrar las respuestas concretas a los cuestionamientos actuales&#8221;.<\/strong><\/p>\n<p>La Asamblea continuar\u00e1 hasta el pr\u00f3ximo domingo 28 de noviembre y ser\u00e1 clausurada con una solemne Eucarist\u00eda en la Bas\u00edlica de N. Sra. de Guadalupe en el Tepeyac.<\/p>\n<p>Sigamos orando por el \u00e9xito de este importante e hist\u00f3rico acontecimiento en la Iglesia de Am\u00e9rica Latina y el Caribe.<\/p>\n<p>Todos podemos participar virtualmente de las Eucarist\u00edas diarias (7:00 p.m.) y el rezo del Santo Rosario (8:00 p.m.), que se transmiten en las redes sociales de la 1er. Asamblea Eclesial.<\/p>\n<p>A trav\u00e9s de Facebook:<\/p>\n<p><a href=\"https:\/\/www.facebook.com\/asambleaeclesial\">Asamblea Eclesial<\/a><\/p>\n<p><a href=\"https:\/\/www.facebook.com\/celam.oficial\">CELAM Oficial<\/a><\/p>\n<p>O a trav\u00e9s de YouTube: <a href=\"https:\/\/bit.ly\/3Hiuw24\">Asamblea Eclesial<\/a><\/p>\n<p>&nbsp;<\/p>\n","protected":false},"excerpt":{"rendered":"<p>Por: Pbro. Juan Jos\u00e9 Hinojosa Mart\u00ednez Monterrey, N.L. (www.pastoralsiglo21.org).- 23 de noviembre del 2021 En el segundo d\u00eda de actividades de la 1er. Asamblea Eclesial en<span class=\"excerpt-hellip\"> [\u2026]<\/span><\/p>\n","protected":false},"author":1,"featured_media":15038,"comment_status":"closed","ping_status":"closed","sticky":false,"template":"","format":"standard","meta":[],"categories":[110,14],"tags":[],"_links":{"self":[{"href":"https:\/\/www.arquidiocesismty.org\/arquimty\/wp-json\/wp\/v2\/posts\/15036"}],"collection":[{"href":"https:\/\/www.arquidiocesismty.org\/arquimty\/wp-json\/wp\/v2\/posts"}],"about":[{"href":"https:\/\/www.arquidiocesismty.org\/arquimty\/wp-json\/wp\/v2\/types\/post"}],"author":[{"embeddable":true,"href":"https:\/\/www.arquidiocesismty.org\/arquimty\/wp-json\/wp\/v2\/users\/1"}],"replies":[{"embeddable":true,"href":"https:\/\/www.arquidiocesismty.org\/arquimty\/wp-json\/wp\/v2\/comments?post=15036"}],"version-history":[{"count":1,"href":"https:\/\/www.arquidiocesismty.org\/arquimty\/wp-json\/wp\/v2\/posts\/15036\/revisions"}],"predecessor-version":[{"id":15037,"href":"https:\/\/www.arquidiocesismty.org\/arquimty\/wp-json\/wp\/v2\/posts\/15036\/revisions\/15037"}],"wp:featuredmedia":[{"embeddable":true,"href":"https:\/\/www.arquidiocesismty.org\/arquimty\/wp-json\/wp\/v2\/media\/15038"}],"wp:attachment":[{"href":"https:\/\/www.arquidiocesismty.org\/arquimty\/wp-json\/wp\/v2\/media?parent=15036"}],"wp:term":[{"taxonomy":"category","embeddable":true,"href":"https:\/\/www.arquidiocesismty.org\/arquimty\/wp-json\/wp\/v2\/categories?post=15036"},{"taxonomy":"post_tag","embeddable":true,"href":"https:\/\/www.arquidiocesismty.org\/arquimty\/wp-json\/wp\/v2\/tags?post=15036"}],"curies":[{"name":"wp","href":"https:\/\/api.w.org\/{rel}","templated":true}]}}