{"id":15027,"date":"2021-11-21T11:05:09","date_gmt":"2021-11-21T11:05:09","guid":{"rendered":"https:\/\/www.arquidiocesismty.org\/arquimty\/?p=15027"},"modified":"2021-11-22T09:37:00","modified_gmt":"2021-11-22T15:37:00","slug":"la-iglesia-necesita-libertad-para-anunciar-a-cristo-y-promover-la-caridad-arzobispo-de-monterrey","status":"publish","type":"post","link":"https:\/\/www.arquidiocesismty.org\/arquimty\/la-iglesia-necesita-libertad-para-anunciar-a-cristo-y-promover-la-caridad-arzobispo-de-monterrey\/","title":{"rendered":"\u201cLA IGLESIA NECESITA LIBERTAD PARA ANUNCIAR A CRISTO Y PROMOVER LA CARIDAD\u201d, ARZOBISPO DE MONTERREY"},"content":{"rendered":"<p><em>Por: Juan Pablo V\u00e1squez\u00a0Rodr\u00edguez<\/em><br \/>\n<em>Monterrey, N.L. (www.pastoralsiglo21.org).- 21 de noviembre del 2021<\/em><\/p>\n<p><strong>Desde la Bas\u00edlica de Nuestra Sra. de Guadalupe, en el Tepeyac, y en torno a la 1er. Asamblea Eclesial de Am\u00e9rica Latina y el Caribe, el Arzobispo de Monterrey y Presidente de la CEM, Mons. Rogelio Cabrera L\u00f3pez invit\u00f3 a unirse en la oraci\u00f3n a este acontecimiento en el que participar\u00e1n poco m\u00e1s de 1,000 asamble\u00edstas entre laicos, consagrados y consagradas, sacerdotes y obispos de todo el continente quienes, de forma presencial y virtual.<\/strong><\/p>\n<p>Mons. Rogelio, invit\u00f3 en su mensaje a los todos los fieles a seguir el camino de la fe y la caridad.<\/p>\n<p><strong>\u201cSigamos caminando en la comuni\u00f3n para ser, en todo momento, testigos vivos del Evangelio de Jesucristo, quien nos llama a vivir la fraternidad en la caridad. Busquemos seguir viviendo nuestro compromiso evangelizador, desempe\u00f1ando las tareas que a cada uno de nosotros compete como miembros del pueblo de Dios\u201d.<\/strong><\/p>\n<p>\u201cAsimismo, les invito a que no olvidemos continuar creciendo en nuestro servicio a los m\u00e1s necesitados. Si bien, durante esta pandemia, la generosidad por parte de todos ha sido nutrida y edificante, no debemos olvidar que el trabajo a favor de los m\u00e1s necesitados continua en todos los sectores que formamos la Iglesia\u201d.<\/p>\n<p>El Arzobispo de Monterrey, invit\u00f3 adem\u00e1s, a seguir viviendo la caridad y apoyo a la Iglesia en sus necesidades a trav\u00e9s de la campa\u00f1a del diezmo a realizarse el pr\u00f3ximo domingo, primer domingo de adviento.<\/p>\n<p>Finalmente, invit\u00f3 a los fieles a no olvidarse de la importa de la libertad que necesita la Iglesia \u201cpara anunciar a Cristo y promover la caridad\u201d.<\/p>\n","protected":false},"excerpt":{"rendered":"<p>Por: Juan Pablo V\u00e1squez\u00a0Rodr\u00edguez Monterrey, N.L. (www.pastoralsiglo21.org).- 21 de noviembre del 2021 Desde la Bas\u00edlica de Nuestra Sra. de Guadalupe, en el Tepeyac, y en torno<span class=\"excerpt-hellip\"> [\u2026]<\/span><\/p>\n","protected":false},"author":1,"featured_media":15029,"comment_status":"closed","ping_status":"closed","sticky":false,"template":"","format":"standard","meta":[],"categories":[7,14],"tags":[],"_links":{"self":[{"href":"https:\/\/www.arquidiocesismty.org\/arquimty\/wp-json\/wp\/v2\/posts\/15027"}],"collection":[{"href":"https:\/\/www.arquidiocesismty.org\/arquimty\/wp-json\/wp\/v2\/posts"}],"about":[{"href":"https:\/\/www.arquidiocesismty.org\/arquimty\/wp-json\/wp\/v2\/types\/post"}],"author":[{"embeddable":true,"href":"https:\/\/www.arquidiocesismty.org\/arquimty\/wp-json\/wp\/v2\/users\/1"}],"replies":[{"embeddable":true,"href":"https:\/\/www.arquidiocesismty.org\/arquimty\/wp-json\/wp\/v2\/comments?post=15027"}],"version-history":[{"count":1,"href":"https:\/\/www.arquidiocesismty.org\/arquimty\/wp-json\/wp\/v2\/posts\/15027\/revisions"}],"predecessor-version":[{"id":15028,"href":"https:\/\/www.arquidiocesismty.org\/arquimty\/wp-json\/wp\/v2\/posts\/15027\/revisions\/15028"}],"wp:featuredmedia":[{"embeddable":true,"href":"https:\/\/www.arquidiocesismty.org\/arquimty\/wp-json\/wp\/v2\/media\/15029"}],"wp:attachment":[{"href":"https:\/\/www.arquidiocesismty.org\/arquimty\/wp-json\/wp\/v2\/media?parent=15027"}],"wp:term":[{"taxonomy":"category","embeddable":true,"href":"https:\/\/www.arquidiocesismty.org\/arquimty\/wp-json\/wp\/v2\/categories?post=15027"},{"taxonomy":"post_tag","embeddable":true,"href":"https:\/\/www.arquidiocesismty.org\/arquimty\/wp-json\/wp\/v2\/tags?post=15027"}],"curies":[{"name":"wp","href":"https:\/\/api.w.org\/{rel}","templated":true}]}}