{"id":15015,"date":"2021-11-19T12:50:11","date_gmt":"2021-11-19T12:50:11","guid":{"rendered":"https:\/\/www.arquidiocesismty.org\/arquimty\/?p=15015"},"modified":"2021-11-19T12:44:32","modified_gmt":"2021-11-19T18:44:32","slug":"el-diezmo-ayuda-a-la-vida-de-la-iglesia","status":"publish","type":"post","link":"https:\/\/www.arquidiocesismty.org\/arquimty\/el-diezmo-ayuda-a-la-vida-de-la-iglesia\/","title":{"rendered":"EL DIEZMO AYUDA A LA VIDA DE LA IGLESIA"},"content":{"rendered":"<p>Por: Juan Pablo V\u00e1zquez Rodr\u00edguez<br \/>\nMonterrey, N.L. (www.pastoralsiglo21.org).- 19 de noviembre del 2021<\/p>\n<p>Como todos los a\u00f1os con el primer domingo de adviento comienza la campa\u00f1a del Diezmo 2021 \u2013 2022, y el Arzobispo de Monterrey Mons. Rogelio Cabrera L\u00f3pez solicit\u00f3 mediante una circular el apoyo de todos los fieles.<\/p>\n<p>\u201cEn esta ocasi\u00f3n, consciente de que la generosidad es una caracter\u00edstica de nuestra Iglesia local y de todo el pueblo neolon\u00e9s, quiero solicitarles su apoyo, al tiempo que les recuerdo su obligaci\u00f3n de colaborar con la Iglesia en sus labores, para realizar la recolecci\u00f3n del diezmo: manifestaci\u00f3n de gratitud con el amor y providencia divina, manifestaci\u00f3n de compromiso con las obras de evangelizaci\u00f3n y caridad de la Iglesia\u201d, se\u00f1al\u00f3 el Arzobispo.<\/p>\n<p>En su mensaje, Mons. Cabrera L\u00f3pez se\u00f1al\u00f3 cual es el destino de los recursos que se recauden.<\/p>\n<p>\u201cEl Diezmo, que se aporta una vez al a\u00f1o, ayuda a la vida de la Iglesia, y se destina a ayudar a los hermanos necesitados, a acciones de evangelizaci\u00f3n, a ayudar a parroquias necesitadas y a manifestar la gratitud del Pueblo de Dios por cuidar y apoyar a los sacerdotes mayores o enfermos\u201d.<\/p>\n<p>Este a\u00f1o, la campa\u00f1a del Diezmo iniciar\u00e1 con las colectas de las misas del s\u00e1bado 27 y domingo 28 de noviembre y se extiende, para los que no puedan cumplirlo en esa fecha, durante los siguientes meses, especialmente enero y febrero.<\/p>\n<p>Se puede entregar en cualquier templo dentro del sobre para ello destinado, en la alcanc\u00eda del Diezmo, directamente en la Tesorer\u00eda de nuestra Arquidi\u00f3cesis, en l\u00ednea o depositarlo en las cuentas para este fin (estas dos \u00faltimas opciones se pueden ver en http:\/\/tudiezmo.com)<\/p>\n","protected":false},"excerpt":{"rendered":"<p>Por: Juan Pablo V\u00e1zquez Rodr\u00edguez Monterrey, N.L. (www.pastoralsiglo21.org).- 19 de noviembre del 2021 Como todos los a\u00f1os con el primer domingo de adviento comienza la campa\u00f1a<span class=\"excerpt-hellip\"> [\u2026]<\/span><\/p>\n","protected":false},"author":1,"featured_media":15017,"comment_status":"closed","ping_status":"closed","sticky":false,"template":"","format":"standard","meta":[],"categories":[7,14],"tags":[],"_links":{"self":[{"href":"https:\/\/www.arquidiocesismty.org\/arquimty\/wp-json\/wp\/v2\/posts\/15015"}],"collection":[{"href":"https:\/\/www.arquidiocesismty.org\/arquimty\/wp-json\/wp\/v2\/posts"}],"about":[{"href":"https:\/\/www.arquidiocesismty.org\/arquimty\/wp-json\/wp\/v2\/types\/post"}],"author":[{"embeddable":true,"href":"https:\/\/www.arquidiocesismty.org\/arquimty\/wp-json\/wp\/v2\/users\/1"}],"replies":[{"embeddable":true,"href":"https:\/\/www.arquidiocesismty.org\/arquimty\/wp-json\/wp\/v2\/comments?post=15015"}],"version-history":[{"count":1,"href":"https:\/\/www.arquidiocesismty.org\/arquimty\/wp-json\/wp\/v2\/posts\/15015\/revisions"}],"predecessor-version":[{"id":15016,"href":"https:\/\/www.arquidiocesismty.org\/arquimty\/wp-json\/wp\/v2\/posts\/15015\/revisions\/15016"}],"wp:featuredmedia":[{"embeddable":true,"href":"https:\/\/www.arquidiocesismty.org\/arquimty\/wp-json\/wp\/v2\/media\/15017"}],"wp:attachment":[{"href":"https:\/\/www.arquidiocesismty.org\/arquimty\/wp-json\/wp\/v2\/media?parent=15015"}],"wp:term":[{"taxonomy":"category","embeddable":true,"href":"https:\/\/www.arquidiocesismty.org\/arquimty\/wp-json\/wp\/v2\/categories?post=15015"},{"taxonomy":"post_tag","embeddable":true,"href":"https:\/\/www.arquidiocesismty.org\/arquimty\/wp-json\/wp\/v2\/tags?post=15015"}],"curies":[{"name":"wp","href":"https:\/\/api.w.org\/{rel}","templated":true}]}}