{"id":15012,"date":"2021-11-18T17:00:46","date_gmt":"2021-11-18T17:00:46","guid":{"rendered":"https:\/\/www.arquidiocesismty.org\/arquimty\/?p=15012"},"modified":"2021-11-19T10:50:30","modified_gmt":"2021-11-19T16:50:30","slug":"presenta-padre-dario-torres-su-libro-12-formas-de-sentirse-llamado-y-un-si","status":"publish","type":"post","link":"https:\/\/www.arquidiocesismty.org\/arquimty\/presenta-padre-dario-torres-su-libro-12-formas-de-sentirse-llamado-y-un-si\/","title":{"rendered":"PRESENTA PADRE DARIO TORRES SU LIBRO \u201c12 FORMAS DE SENTIRSE LLAMADO Y UN S\u00cd\u201d"},"content":{"rendered":"<p><em>Por: Andrea Lugo\u00a0<\/em><br \/>\n<em>Monterrey, N.L. (www.pastoralsiglo21.org).- 18 de noviembre del 2021<\/em><\/p>\n<p><strong>El d\u00eda de ayer, mi\u00e9rcoles 17 de noviembre, se llev\u00f3 a cabo la presentaci\u00f3n del libro titulado \u201c12 formas de sentirse llamado y un S\u00ed\u201d de la autor\u00eda del Padre Dar\u00edo Torres Rodr\u00edguez, en las instalaciones Universidad de la Arquidi\u00f3cesis de Monterrey.<\/strong><\/p>\n<p>El padre Dar\u00edo Torres, miembro del presbiterio de la Arquidi\u00f3cesis de Monterrey, fue acompa\u00f1ado por familiares, amigos, seminaristas, sacerdotes, alumnos y personas allegadas, quienes compartieron la alegr\u00eda con \u00e9l por este gran proyecto.<\/p>\n<p>Dentro del itinerario de la presentaci\u00f3n, el Pbro. Mart\u00edn Eduardo Mart\u00ednez Quiroga, rector de la UNIAM, comparti\u00f3 un resumen y mensaje al respecto del libro; la experiencia de un joven, el cual responde a su llamado vocacional, cada d\u00eda de su vida ante cualquier adversidad, en el sufrimiento, la soledad, la alegr\u00eda, el gozo. El abrazar la cruz de Cristo en la enfermedad, en d\u00f3nde el Padre Dar\u00edo cuestionaba: <strong>\u201c\u00bfC\u00f3mo puede seguir siendo sacerdote estando postrado en una cama, sin poder compartir con los dem\u00e1s la experiencia que Dios me ha regalado?\u201d y que concluye con la respuesta de querer seguir siendo sacerdote desde ah\u00ed y asumir la cruz de Cristo.<\/strong><\/p>\n<p>Tambi\u00e9n estuvo presente el editor del libro, Jos\u00e9 Ram\u00f3n Guerrero, qui\u00e9n comparti\u00f3 c\u00f3mo fue el proceso de creaci\u00f3n del libro a lo largo de varios a\u00f1os, de querer cumplir con el objetivo trazado para el libro, el evangelizar.<\/p>\n<p>Resaltaba como Dios tambi\u00e9n se hac\u00eda presente en su vida, de c\u00f3mo se fue sintiendo amado por Dios en cada proceso, el recorrer los pasillos del seminario, el hacer oraci\u00f3n al inicio del trabajo, que Dios fuera quien los impulsara; el sentirse acompa\u00f1ado por el escritor, por medio de la docilidad y paciencia.<\/p>\n<p>El padre Dar\u00edo dedic\u00f3 unas palabras de agradecimiento a las personas presentes y que lo acompa\u00f1aron e impulsaron a lo largo de todo el proceso de creaci\u00f3n del libro.<strong> El poder cumplir un sue\u00f1o que ya ten\u00eda en mente desde hac\u00eda 10 a\u00f1os y que cumpliera el objetivo de evangelizar a trav\u00e9s de ese libro, que acompa\u00f1e a los adolescentes y j\u00f3venes en su discernimiento y b\u00fasqueda de la voluntad de Dios.<\/strong><\/p>\n<p>A quienes deseen adquirir el libro \u201c12 formas de sentirse llamado y un S\u00ed\u201d podr\u00e1n encontrarlo en el Centro Vocacional de Monterrey, y en las parroquias de la Santa Cruz de Monterrey y de San Nicol\u00e1s.<\/p>\n<p>#IgIesiaDeMonterrey<\/p>\n","protected":false},"excerpt":{"rendered":"<p>Por: Andrea Lugo\u00a0 Monterrey, N.L. (www.pastoralsiglo21.org).- 18 de noviembre del 2021 El d\u00eda de ayer, mi\u00e9rcoles 17 de noviembre, se llev\u00f3 a cabo la presentaci\u00f3n del<span class=\"excerpt-hellip\"> [\u2026]<\/span><\/p>\n","protected":false},"author":1,"featured_media":15014,"comment_status":"closed","ping_status":"closed","sticky":false,"template":"","format":"standard","meta":[],"categories":[7,14],"tags":[],"_links":{"self":[{"href":"https:\/\/www.arquidiocesismty.org\/arquimty\/wp-json\/wp\/v2\/posts\/15012"}],"collection":[{"href":"https:\/\/www.arquidiocesismty.org\/arquimty\/wp-json\/wp\/v2\/posts"}],"about":[{"href":"https:\/\/www.arquidiocesismty.org\/arquimty\/wp-json\/wp\/v2\/types\/post"}],"author":[{"embeddable":true,"href":"https:\/\/www.arquidiocesismty.org\/arquimty\/wp-json\/wp\/v2\/users\/1"}],"replies":[{"embeddable":true,"href":"https:\/\/www.arquidiocesismty.org\/arquimty\/wp-json\/wp\/v2\/comments?post=15012"}],"version-history":[{"count":1,"href":"https:\/\/www.arquidiocesismty.org\/arquimty\/wp-json\/wp\/v2\/posts\/15012\/revisions"}],"predecessor-version":[{"id":15013,"href":"https:\/\/www.arquidiocesismty.org\/arquimty\/wp-json\/wp\/v2\/posts\/15012\/revisions\/15013"}],"wp:featuredmedia":[{"embeddable":true,"href":"https:\/\/www.arquidiocesismty.org\/arquimty\/wp-json\/wp\/v2\/media\/15014"}],"wp:attachment":[{"href":"https:\/\/www.arquidiocesismty.org\/arquimty\/wp-json\/wp\/v2\/media?parent=15012"}],"wp:term":[{"taxonomy":"category","embeddable":true,"href":"https:\/\/www.arquidiocesismty.org\/arquimty\/wp-json\/wp\/v2\/categories?post=15012"},{"taxonomy":"post_tag","embeddable":true,"href":"https:\/\/www.arquidiocesismty.org\/arquimty\/wp-json\/wp\/v2\/tags?post=15012"}],"curies":[{"name":"wp","href":"https:\/\/api.w.org\/{rel}","templated":true}]}}