{"id":15009,"date":"2021-11-17T12:10:09","date_gmt":"2021-11-17T12:10:09","guid":{"rendered":"https:\/\/www.arquidiocesismty.org\/arquimty\/?p=15009"},"modified":"2021-11-17T17:42:33","modified_gmt":"2021-11-17T23:42:33","slug":"mons-oscar-tamez-lleva-a-cabo-acto-liturgico-en-catedral-de-cd-victoria","status":"publish","type":"post","link":"https:\/\/www.arquidiocesismty.org\/arquimty\/mons-oscar-tamez-lleva-a-cabo-acto-liturgico-en-catedral-de-cd-victoria\/","title":{"rendered":"MONS. \u00d3SCAR TAMEZ LLEVA A CABO ACTO LIT\u00daRGICO EN CATEDRAL DE CD. VICTORIA"},"content":{"rendered":"<p><em>Por: Juan Pablo V\u00e1zquez Rodr\u00edguez <\/em><br \/>\n<em>Monterrey, N.L. (www.pastoralsiglo21.org).- 17 de noviembre del 2021<\/em><\/p>\n<p><strong>Mons. Oscar Tamez Villarreal ha arribado a la Catedral dedicada al Sagrado Coraz\u00f3n de Jes\u00fas, en su llegada ha sido recibido por el Nuncio Apost\u00f3lico en M\u00e9xico Mons. Franco Coppola, quien le ha entregado un Cristo que fue venerado por el nuevo Obispo de Ciudad Victoria.<\/strong><\/p>\n<p>El padre <strong>Fernando Sandoval, Vicario General de la di\u00f3cesis<\/strong> dirigi\u00f3 unas palabras de bienvenida al nuevo Obispo de la Di\u00f3cesis de Ciudad Victoria.<\/p>\n<p><strong>&#8220;Recibe una di\u00f3cesis deseosa de seguir creciendo en la unidad, con un pueblo de Dios lleno de fe, que reza por sus pastores y eleva a Dios su oraci\u00f3n y por nuevas vocaciones a la vida sacerdotal. La fe sigue siendo un factor importante en la vida de los fieles, aunque se encuentren en ellos diferentes formas de pensar sobre la practica de la vida cristiana\u201d.<\/strong><\/p>\n<p>&#8220;Agradecemos a la familia de Mons. Oscar Efra\u00edn, a sus padres aqu\u00ed presentes, al se\u00f1or Jos\u00e9 Efra\u00edn a la se\u00f1ora Mar\u00eda Guadalupe y familiares que hoy le acompa\u00f1an en este d\u00eda, gracias por haber entregado a este miembro de su familia al servicio de Dios y de su Iglesia\u201d.<\/p>\n<p>Como parte de la posesi\u00f3n can\u00f3nica se ha llevado a cabo el acto lit\u00fargico del rezo de la Hora Tercia, donde participaron los 68 presb\u00edteros que integran la di\u00f3cesis, representantes de la vida consagrada y laical.<\/p>\n<p>Posteriormente, Mons. \u00d3scar realiz\u00f3 la profesi\u00f3n de fe y el acto de fidelidad a la Iglesia y al Papa.<\/p>\n<p>La celebraci\u00f3n de la misa del inicio del ministerio episcopal de Mons. \u00d3scar Tamez como V obispo de la Di\u00f3cesis de Cd. Victoria ser\u00e1 enseguida, desde el Polyforum de Victoria, en donde ya le esperan cientos de fieles, presb\u00edteros y el pueblo de Dios.<\/p>\n<p>#CiudadVictoria<br \/>\n#NuevoObispo<\/p>\n","protected":false},"excerpt":{"rendered":"<p>Por: Juan Pablo V\u00e1zquez Rodr\u00edguez Monterrey, N.L. (www.pastoralsiglo21.org).- 17 de noviembre del 2021 Mons. Oscar Tamez Villarreal ha arribado a la Catedral dedicada al Sagrado Coraz\u00f3n<span class=\"excerpt-hellip\"> [\u2026]<\/span><\/p>\n","protected":false},"author":1,"featured_media":15011,"comment_status":"closed","ping_status":"closed","sticky":false,"template":"","format":"standard","meta":[],"categories":[7,14],"tags":[],"_links":{"self":[{"href":"https:\/\/www.arquidiocesismty.org\/arquimty\/wp-json\/wp\/v2\/posts\/15009"}],"collection":[{"href":"https:\/\/www.arquidiocesismty.org\/arquimty\/wp-json\/wp\/v2\/posts"}],"about":[{"href":"https:\/\/www.arquidiocesismty.org\/arquimty\/wp-json\/wp\/v2\/types\/post"}],"author":[{"embeddable":true,"href":"https:\/\/www.arquidiocesismty.org\/arquimty\/wp-json\/wp\/v2\/users\/1"}],"replies":[{"embeddable":true,"href":"https:\/\/www.arquidiocesismty.org\/arquimty\/wp-json\/wp\/v2\/comments?post=15009"}],"version-history":[{"count":1,"href":"https:\/\/www.arquidiocesismty.org\/arquimty\/wp-json\/wp\/v2\/posts\/15009\/revisions"}],"predecessor-version":[{"id":15010,"href":"https:\/\/www.arquidiocesismty.org\/arquimty\/wp-json\/wp\/v2\/posts\/15009\/revisions\/15010"}],"wp:featuredmedia":[{"embeddable":true,"href":"https:\/\/www.arquidiocesismty.org\/arquimty\/wp-json\/wp\/v2\/media\/15011"}],"wp:attachment":[{"href":"https:\/\/www.arquidiocesismty.org\/arquimty\/wp-json\/wp\/v2\/media?parent=15009"}],"wp:term":[{"taxonomy":"category","embeddable":true,"href":"https:\/\/www.arquidiocesismty.org\/arquimty\/wp-json\/wp\/v2\/categories?post=15009"},{"taxonomy":"post_tag","embeddable":true,"href":"https:\/\/www.arquidiocesismty.org\/arquimty\/wp-json\/wp\/v2\/tags?post=15009"}],"curies":[{"name":"wp","href":"https:\/\/api.w.org\/{rel}","templated":true}]}}