{"id":15006,"date":"2021-11-17T11:35:43","date_gmt":"2021-11-17T11:35:43","guid":{"rendered":"https:\/\/www.arquidiocesismty.org\/arquimty\/?p=15006"},"modified":"2021-11-17T17:30:50","modified_gmt":"2021-11-17T23:30:50","slug":"llega-mons-oscar-a-su-nuevo-territorio-diocesano","status":"publish","type":"post","link":"https:\/\/www.arquidiocesismty.org\/arquimty\/llega-mons-oscar-a-su-nuevo-territorio-diocesano\/","title":{"rendered":"LLEGA MONS. \u00d3SCAR A SU NUEVO TERRITORIO DIOCESANO"},"content":{"rendered":"<p><em>Por: Juan Pablo V\u00e1zquez Rodr\u00edguez <\/em><br \/>\n<em>Monterrey, N.L. (www.pastoralsiglo21.org).- 17 de noviembre del 2021<\/em><\/p>\n<p>Esta ma\u00f1ana Mons. Oscar Tamez Villarreal lleg\u00f3 a su nuevo territorio diocesano.<\/p>\n<p><strong>Alrededor de las 7:00 de la ma\u00f1ana se encontr\u00f3 en los l\u00edmites de los municipios de Linares, Nuevo Le\u00f3n y Mainero, Tamaulipas. Un peque\u00f1o grupo de personas acompa\u00f1aron en caravana vehicular a Mons. Tamez Villarreal hasta el vecino municipio de Villagr\u00e1n, en donde recibir\u00e1 el saludo y tambi\u00e9n un desayuno ofrecido por los sacerdotes de las parroquias de la regi\u00f3n de Hidalgo.<\/strong><\/p>\n<p>A las 8:30 horas, visit\u00f3 la comunidad de el Tomase\u00f1o Tamaulipas, donde se encuentra la parroquia Santo Domingo de Guzm\u00e1n.<\/p>\n<p>Posteriormente, continu\u00f3 el trayecto hacia Ciudad Victoria, donde los fieles salen a su paso para recibir a su pastor, saludarle y recibir la bendici\u00f3n.<br \/>\nEn el trayecto es acompa\u00f1ado por el Arzobispo de Monterrey, quien junto con Mons. \u00d3scar saludan a los fieles de Ciudad Victoria.<\/p>\n<p>En un momento m\u00e1s estar\u00e1 arribando a la Catedral de Ciudad Victoria, donde ser\u00e1 recibido por el Nuncio Apost\u00f3lico y representantes de la comunidad diocesana.<\/p>\n<p>#CiudadVictoria<br \/>\n#NuevoObispo<\/p>\n","protected":false},"excerpt":{"rendered":"<p>Por: Juan Pablo V\u00e1zquez Rodr\u00edguez Monterrey, N.L. (www.pastoralsiglo21.org).- 17 de noviembre del 2021 Esta ma\u00f1ana Mons. Oscar Tamez Villarreal lleg\u00f3 a su nuevo territorio diocesano. Alrededor<span class=\"excerpt-hellip\"> [\u2026]<\/span><\/p>\n","protected":false},"author":1,"featured_media":15008,"comment_status":"closed","ping_status":"closed","sticky":false,"template":"","format":"standard","meta":[],"categories":[7,14],"tags":[],"_links":{"self":[{"href":"https:\/\/www.arquidiocesismty.org\/arquimty\/wp-json\/wp\/v2\/posts\/15006"}],"collection":[{"href":"https:\/\/www.arquidiocesismty.org\/arquimty\/wp-json\/wp\/v2\/posts"}],"about":[{"href":"https:\/\/www.arquidiocesismty.org\/arquimty\/wp-json\/wp\/v2\/types\/post"}],"author":[{"embeddable":true,"href":"https:\/\/www.arquidiocesismty.org\/arquimty\/wp-json\/wp\/v2\/users\/1"}],"replies":[{"embeddable":true,"href":"https:\/\/www.arquidiocesismty.org\/arquimty\/wp-json\/wp\/v2\/comments?post=15006"}],"version-history":[{"count":1,"href":"https:\/\/www.arquidiocesismty.org\/arquimty\/wp-json\/wp\/v2\/posts\/15006\/revisions"}],"predecessor-version":[{"id":15007,"href":"https:\/\/www.arquidiocesismty.org\/arquimty\/wp-json\/wp\/v2\/posts\/15006\/revisions\/15007"}],"wp:featuredmedia":[{"embeddable":true,"href":"https:\/\/www.arquidiocesismty.org\/arquimty\/wp-json\/wp\/v2\/media\/15008"}],"wp:attachment":[{"href":"https:\/\/www.arquidiocesismty.org\/arquimty\/wp-json\/wp\/v2\/media?parent=15006"}],"wp:term":[{"taxonomy":"category","embeddable":true,"href":"https:\/\/www.arquidiocesismty.org\/arquimty\/wp-json\/wp\/v2\/categories?post=15006"},{"taxonomy":"post_tag","embeddable":true,"href":"https:\/\/www.arquidiocesismty.org\/arquimty\/wp-json\/wp\/v2\/tags?post=15006"}],"curies":[{"name":"wp","href":"https:\/\/api.w.org\/{rel}","templated":true}]}}