{"id":15003,"date":"2021-11-17T17:00:09","date_gmt":"2021-11-17T17:00:09","guid":{"rendered":"https:\/\/www.arquidiocesismty.org\/arquimty\/?p=15003"},"modified":"2021-11-17T17:11:42","modified_gmt":"2021-11-17T23:11:42","slug":"inicia-ministerio-episcopal-monsenor-oscar-tamez-como-v-obispo-de-ciudad-victoria","status":"publish","type":"post","link":"https:\/\/www.arquidiocesismty.org\/arquimty\/inicia-ministerio-episcopal-monsenor-oscar-tamez-como-v-obispo-de-ciudad-victoria\/","title":{"rendered":"INICIA MINISTERIO EPISCOPAL MONSE\u00d1OR \u00d3SCAR TAMEZ COMO V OBISPO DE CIUDAD VICTORIA"},"content":{"rendered":"<p><em>Por: Debany Vald\u00e9s <\/em><br \/>\n<em>Monterrey, N.L. (www.pastoralsiglo21.org).- 17 de noviembre del 2021<\/em><\/p>\n<p><strong>Este mi\u00e9rcoles 17 de noviembre, Mons. \u00d3scar Tamez Villarreal ha iniciado su ministerio episcopal como V Obispo de la Di\u00f3cesis de Cd. Victoria.<\/strong><\/p>\n<p>La Santa Eucarist\u00eda se llev\u00f3 a cabo en el Polyforum Rodolfo Torre Cant\u00fa, en donde se hicieron presentes obispos, presb\u00edteros, fieles de Cd. Victoria y la feligres\u00eda de Monterrey que acompa\u00f1aron a Mons. \u00d3scar a su nuevo territorio diocesano.<\/p>\n<p>El Nuncio Apost\u00f3lico de M\u00e9xico, Mons. Franco Coppola, dio inicio a los ritos esenciales de esta celebraci\u00f3n, entregando la carta del nombramiento que le hizo el Papa Francisco a Mons. \u00d3scar, as\u00ed como el B\u00e1culo y la Sede, convirtiendo oficialmente a Tamez Villarreal como Obispo de la di\u00f3cesis de Victoria.<\/p>\n<p><strong>Mons. Rogelio Cabrera L\u00f3pez, Arzobispo de Monterrey y quien fuese Administrador Apost\u00f3lico de Cd. Victoria durante medio<\/strong> a\u00f1o, brind\u00f3 un mensaje de agradecimiento a Dios, al presbiterio de Cd. Victoria, al Pueblo de Dios, al Nuncio Apost\u00f3lico y desde luego a Mons. \u00d3scar, nuevo Obispo de esta di\u00f3cesis:<\/p>\n<p><strong>\u201cMi misi\u00f3n desde un inicio consist\u00eda en mantener vivo el amor a Cristo y la unidad del pueblo de Dios. Hoy le entrego la estafeta a Mons. \u00d3scar como Obispo de esta Iglesia, lo hago siempre con el cari\u00f1o que le debo a todos ustedes, y desde luego con amor a Cristo, y a la Virgen Mar\u00eda nuestra Se\u00f1ora del Refugio de los Pecadores y de San Jos\u00e9\u201d<\/strong><\/p>\n<p>\u201cSiempre con las maletas preparadas para ir a donde Dios nos diga, ahora le toca salir a \u00d3scar, y lo hace con fe, con esperanza y desde luego con mucho amor\u201d. mencion\u00f3 Don Rogelio.<\/p>\n<p>La homil\u00eda tambi\u00e9n estuvo a cargo de Mons. Rogelio Cabrera L\u00f3pez, quien comparti\u00f3 la uni\u00f3n hacia Mons. \u00d3scar, en agradecimiento y en esperanza:<\/p>\n<p>\u201cDesde que besaste el suelo al ingresar a esta Iglesia de Cd. Victoria &#8211; Mons. Tamez &#8211; y en el recorrido que fuimos haciendo, percibimos la grande esperanza que tiene este pueblo, el cari\u00f1o inmerecido que nos tienen a nosotros sus pastores; todos te pidieron la bendici\u00f3n porque el Obispo est\u00e1 llamado a bendecir al pueblo, a bendecir y agradecer\u201d.<\/p>\n<p>\u201cTe han visto como su Pastor, han podido trascender lo que ven, y alcanzar a ver aquello que no se ve, a Cristo el Se\u00f1or, que ha querido de este modo, medio velado, manifestarse en el mundo. Eres sacramento de Cristo, hay que transparentar al pueblo lo m\u00e1s que se puede al Se\u00f1or\u201d<\/p>\n<p>\u201cCristo es el Pastor, podr\u00eda decir el es el \u00fanico Pastor, pero en su bondad, en su misericordia nos invita a compartir esa misi\u00f3n que le pertenece a \u00c9l de modo exclusivo, la misi\u00f3n que le encarg\u00f3 el Padre que est\u00e1 en los cielos\u201d.<\/p>\n<p>\u201cSomos bendici\u00f3n que salva, somos bendici\u00f3n que procede de lo alto, somos sacramento de Cristo y no s\u00f3lo los que tenemos el orden sagrado, sino \u00c9l quiso que todo el pueblo fu\u00e9ramos como un sacramento, mediadores entre la humanidad y Dios\u201d<\/p>\n<p><strong>\u201cEl Se\u00f1or te llama a presidir este pueblo, est\u00e1 comunidad y hacerlo al estilo del Buen Pastor, que conoce a sus ovejas, que convive con ellas, que se conocen el timbre de voz; ese Buen Pastor que ama, ese Buen Pastor que da de comer al Pueblo y m\u00e1s a\u00fan, el Pastor que da la vida por las ovejas\u201d.<\/strong><\/p>\n<p>\u201cEsa es la ruta espiritual y pastoral que el Se\u00f1or te comparte este d\u00eda en favor de Cd. Victoria; un pueblo con el que tienes que convivir, encontrarte, conocerse, amarse, compartir la Eucarist\u00eda el alimento divino y aprender todos a dar la vida por el Se\u00f1or\u201d.<\/p>\n<p>Durante el momento del ofertorio, participaron entregando las ofrendas familiares de Mons. \u00d3scar Tamez, su hermana y sus padres, el Sr. Jos\u00e9 Efra\u00edn Tamez P\u00e9rez y la Sra. Mar\u00eda Guadalupe Villarreal Salazar.<\/p>\n<p><strong>Antes de finalizar la Santa Eucarist\u00eda, Mons. \u00d3scar ya ejerciendo como Obispo de la di\u00f3cesis de Ciudad Victoria, comparti\u00f3 un mensaje, donde resalt\u00f3 la gratitud y su sentir al llegar a la tierra de esta nueva encomienda, en donde ha sido recibido muy c\u00e1lidamente:<\/strong><\/p>\n<p>\u201cLes digo desde lo mas profundo de mi coraz\u00f3n lo que le he expresado a Dios y al Santo Padre el Papa Francisco mi agradecimiento y al mismo tiempo mi asombro por esta gran encomienda. En algunas noches o algunas madrugadas de insomnio hice vida mi lema episcopal, pregunt\u00e1ndole a Dios Se\u00f1or \u00bfQu\u00e9 quieres que haga?\u201d<\/p>\n<p>\u201cPor la fe se que \u00c9l va conmigo y va con todos nosotros y a mi solo me corresponde responder con generosidad como buen disc\u00edpulo detr\u00e1s de \u00c9l\u201d.<\/p>\n<p>Enseguida agradeci\u00f3 a Dios, al Santo Padre Francisco, el apoyo de sus pap\u00e1s, sus hermanos, sobrinos, amigos y al Pueblo de Dios: \u201cDesde aqu\u00ed les digo que har\u00e9 lo humanamente posible y lo que me falte se lo pido a Dios en la oraci\u00f3n\u201d.<\/p>\n<p>A\u00f1adi\u00f3 su deseo por ser un buen pastor: <strong>\u201cUn pastor cercano, un pastor que salga, que escuche, que acompa\u00f1e, que acoja, que alerte, que cuide y que los ame a ejemplo de Jes\u00fas el Buen Pastor\u201d.<\/strong><\/p>\n<p>Al Presbiterio de Cd. Victoria, sacerdotes diocesanos, Franciscanos, Agustinos a quienes llam\u00f3 necesarios colaboradores de su ministerio episcopal y mencion\u00f3 \u201cCon ustedes retomo las palabras de San Agust\u00edn, \u00abpara ustedes soy Obispo, con ustedes soy cristiano\u00bb gracias por testimonio, gracias por su aceptaci\u00f3n y sus muchas muestras de apoyo\u201d.<\/p>\n<p>\u201cLlego a esta di\u00f3cesis como un disc\u00edpulo enviado, un disc\u00edpulo en manos de Dios; con mucha alegr\u00eda, con generosidad y disposici\u00f3n de sumarme al proyecto de evangelizaci\u00f3n que ustedes de la mano de Dios y de Mons. Antonio han realizado en esta di\u00f3cesis\u201d posterior a ello, los sacerdotes y la feligres\u00eda presente se pusieron de pie para reconocer el valioso servicio de Mons. Antonio Gonz\u00e1lez S\u00e1nchez.<\/p>\n<p>Seguido agradeci\u00f3 tambi\u00e9n a Mons. Rogelio Cabrera a quien reconoci\u00f3 como \u201cpadre, pastor y maestro\u201d; tambi\u00e9n envi\u00f3 un mensaje de gratitud a sus hermanos Obispos de la Arquidi\u00f3cesis de Monterrey, al pueblo de la Iglesia regiomontana, al Seminario de Monterrey, y al presbiterio de su di\u00f3cesis de origen.<\/p>\n<p>Al Nuncio Apost\u00f3lico, Mons. Franco Coppola tambi\u00e9n agradeci\u00f3 por su tiempo como representante del Santo Padre en M\u00e9xico y Mons. \u00d3scar le felicito por su nueva encomienda en B\u00e9lgica.<\/p>\n<p>As\u00ed mismo, mencion\u00f3 algunos de los anhelos que como Pastor de la di\u00f3cesis desea llevar a cabo, resaltando la fomentaci\u00f3n de vocaciones, ya que recientemente ha sido elegido para dirigir la Dimensi\u00f3n Episcopal de la Pastoral Vocacional en M\u00e9xico.<\/p>\n<p>Para ya finalizar su mensaje y posteriormente brindar la bendici\u00f3n, Mons. \u00d3scar Efra\u00edn Tamez Villarreal comparti\u00f3: <strong>\u201cHermanos todos pidan por favor por un servidor, para que pueda ser el Pastor que la di\u00f3cesis de Ciudad Victoria ha pedido a Dios en sus oraciones, que pueda ser el siervo bueno del Evangelio; Yo desde el 19 de septiembre cuando me entere de esta encomienda me he confiado a la Sant\u00edsima Virgen del Refugio, nuestra patrona, cuenten con mis oraciones y que Dios les bendiga\u201d.<\/strong><\/p>\n<p>Felicitamos a Mons. \u00d3scar por esta nueva encomienda la cual confiamos a nuestro Padre bueno y fiel.<\/p>\n","protected":false},"excerpt":{"rendered":"<p>Por: Debany Vald\u00e9s Monterrey, N.L. (www.pastoralsiglo21.org).- 17 de noviembre del 2021 Este mi\u00e9rcoles 17 de noviembre, Mons. \u00d3scar Tamez Villarreal ha iniciado su ministerio episcopal como<span class=\"excerpt-hellip\"> [\u2026]<\/span><\/p>\n","protected":false},"author":1,"featured_media":15005,"comment_status":"closed","ping_status":"closed","sticky":false,"template":"","format":"standard","meta":[],"categories":[7,14],"tags":[],"_links":{"self":[{"href":"https:\/\/www.arquidiocesismty.org\/arquimty\/wp-json\/wp\/v2\/posts\/15003"}],"collection":[{"href":"https:\/\/www.arquidiocesismty.org\/arquimty\/wp-json\/wp\/v2\/posts"}],"about":[{"href":"https:\/\/www.arquidiocesismty.org\/arquimty\/wp-json\/wp\/v2\/types\/post"}],"author":[{"embeddable":true,"href":"https:\/\/www.arquidiocesismty.org\/arquimty\/wp-json\/wp\/v2\/users\/1"}],"replies":[{"embeddable":true,"href":"https:\/\/www.arquidiocesismty.org\/arquimty\/wp-json\/wp\/v2\/comments?post=15003"}],"version-history":[{"count":1,"href":"https:\/\/www.arquidiocesismty.org\/arquimty\/wp-json\/wp\/v2\/posts\/15003\/revisions"}],"predecessor-version":[{"id":15004,"href":"https:\/\/www.arquidiocesismty.org\/arquimty\/wp-json\/wp\/v2\/posts\/15003\/revisions\/15004"}],"wp:featuredmedia":[{"embeddable":true,"href":"https:\/\/www.arquidiocesismty.org\/arquimty\/wp-json\/wp\/v2\/media\/15005"}],"wp:attachment":[{"href":"https:\/\/www.arquidiocesismty.org\/arquimty\/wp-json\/wp\/v2\/media?parent=15003"}],"wp:term":[{"taxonomy":"category","embeddable":true,"href":"https:\/\/www.arquidiocesismty.org\/arquimty\/wp-json\/wp\/v2\/categories?post=15003"},{"taxonomy":"post_tag","embeddable":true,"href":"https:\/\/www.arquidiocesismty.org\/arquimty\/wp-json\/wp\/v2\/tags?post=15003"}],"curies":[{"name":"wp","href":"https:\/\/api.w.org\/{rel}","templated":true}]}}